{"id":1941,"date":"2022-10-01T10:58:39","date_gmt":"2022-10-01T13:58:39","guid":{"rendered":"https:\/\/carlakrieger.com.br\/?p=1941"},"modified":"2022-10-01T14:58:50","modified_gmt":"2022-10-01T17:58:50","slug":"voltando-as-origens","status":"publish","type":"post","link":"https:\/\/carlakrieger.com.br\/?p=1941","title":{"rendered":"Voltando as origens"},"content":{"rendered":"<p>Essa semana tive uma oportunidade muito bacana de dar um entrevista na r\u00e1dio da minha cidade Natal, <a href=\"https:\/\/radiomoriafm.com.br\/schedule\/sexta\">r\u00e1dio Mori\u00e1 FM.<\/a><\/p>\n<p>Foi um bate-papo bastante descontra\u00eddo, conduzido pelo radialista Benetti, velho conhecido da fam\u00edlia !<\/p>\n<p>Gratid\u00e3o pela oportunidade !!!<\/p>\n<p>Para quem tiver interesse em ouvir, segue a grava\u00e7\u00e3o!<\/p>\n<!--[if lt IE 9]><script>document.createElement('audio');<\/script><![endif]-->\n<audio class=\"wp-audio-shortcode\" id=\"audio-1941-1\" preload=\"none\" style=\"width: 100%;\" controls=\"controls\"><source type=\"audio\/mpeg\" src=\"https:\/\/carlakrieger.com.br\/wp-content\/uploads\/2022\/10\/CARLA-KRIEGER-Moria.mp3?_=1\" \/><a href=\"https:\/\/carlakrieger.com.br\/wp-content\/uploads\/2022\/10\/CARLA-KRIEGER-Moria.mp3\">https:\/\/carlakrieger.com.br\/wp-content\/uploads\/2022\/10\/CARLA-KRIEGER-Moria.mp3<\/a><\/audio>\n","protected":false},"excerpt":{"rendered":"<p>Essa semana tive uma oportunidade muito bacana de dar um entrevista na r\u00e1dio da minha cidade Natal, r\u00e1dio Mori\u00e1 FM. Foi um bate-papo bastante descontra\u00eddo, conduzido pelo radialista Benetti, velho conhecido da fam\u00edlia ! Gratid\u00e3o pela oportunidade !!! Para quem tiver interesse em ouvir, segue a grava\u00e7\u00e3o!<\/p>\n","protected":false},"author":1,"featured_media":1944,"comment_status":"open","ping_status":"open","sticky":false,"template":"","format":"standard","meta":[],"categories":[83],"tags":[],"_links":{"self":[{"href":"https:\/\/carlakrieger.com.br\/index.php?rest_route=\/wp\/v2\/posts\/1941"}],"collection":[{"href":"https:\/\/carlakrieger.com.br\/index.php?rest_route=\/wp\/v2\/posts"}],"about":[{"href":"https:\/\/carlakrieger.com.br\/index.php?rest_route=\/wp\/v2\/types\/post"}],"author":[{"embeddable":true,"href":"https:\/\/carlakrieger.com.br\/index.php?rest_route=\/wp\/v2\/users\/1"}],"replies":[{"embeddable":true,"href":"https:\/\/carlakrieger.com.br\/index.php?rest_route=%2Fwp%2Fv2%2Fcomments&post=1941"}],"version-history":[{"count":1,"href":"https:\/\/carlakrieger.com.br\/index.php?rest_route=\/wp\/v2\/posts\/1941\/revisions"}],"predecessor-version":[{"id":1943,"href":"https:\/\/carlakrieger.com.br\/index.php?rest_route=\/wp\/v2\/posts\/1941\/revisions\/1943"}],"wp:featuredmedia":[{"embeddable":true,"href":"https:\/\/carlakrieger.com.br\/index.php?rest_route=\/wp\/v2\/media\/1944"}],"wp:attachment":[{"href":"https:\/\/carlakrieger.com.br\/index.php?rest_route=%2Fwp%2Fv2%2Fmedia&parent=1941"}],"wp:term":[{"taxonomy":"category","embeddable":true,"href":"https:\/\/carlakrieger.com.br\/index.php?rest_route=%2Fwp%2Fv2%2Fcategories&post=1941"},{"taxonomy":"post_tag","embeddable":true,"href":"https:\/\/carlakrieger.com.br\/index.php?rest_route=%2Fwp%2Fv2%2Ftags&post=1941"}],"curies":[{"name":"wp","href":"https:\/\/api.w.org\/{rel}","templated":true}]}}