{"id":1936,"date":"2022-09-21T09:43:16","date_gmt":"2022-09-21T12:43:16","guid":{"rendered":"https:\/\/carlakrieger.com.br\/?p=1936"},"modified":"2022-09-21T09:43:16","modified_gmt":"2022-09-21T12:43:16","slug":"palestra-business-agility-o-desafio-dos-silos-corporativos","status":"publish","type":"post","link":"https:\/\/carlakrieger.com.br\/?p=1936","title":{"rendered":"Palestra Business Agility: O desafio dos silos corporativos !"},"content":{"rendered":"<p>Parab\u00e9ns a\u00a0PMI-DF pele evento incrivel de ontem, 2o Forum do conhecimento.<\/p>\n<p>Agrade\u00e7o pela oportunidade de comparitlhar um pouco da minha experi\u00eancia ao lado de outros profissionais incr\u00edveis!<\/p>\n<p>Compartilho aqui a apresenta\u00e7\u00e3o da minha palestra, <a href=\"https:\/\/carlakrieger.com.br\/wp-content\/uploads\/2022\/09\/Business-Agility-Silos-Organizacionais-VFinal.pdf\">Business Agility &#8211; O desafio dos silos corporativos !<\/a><\/p>\n","protected":false},"excerpt":{"rendered":"<p>Parab\u00e9ns a\u00a0PMI-DF pele evento incrivel de ontem, 2o Forum do conhecimento. Agrade\u00e7o pela oportunidade de comparitlhar um pouco da minha experi\u00eancia ao lado de outros profissionais incr\u00edveis! Compartilho aqui a apresenta\u00e7\u00e3o da minha palestra, Business Agility &#8211; O desafio dos silos corporativos !<\/p>\n","protected":false},"author":1,"featured_media":1937,"comment_status":"open","ping_status":"open","sticky":false,"template":"","format":"standard","meta":[],"categories":[83],"tags":[],"_links":{"self":[{"href":"https:\/\/carlakrieger.com.br\/index.php?rest_route=\/wp\/v2\/posts\/1936"}],"collection":[{"href":"https:\/\/carlakrieger.com.br\/index.php?rest_route=\/wp\/v2\/posts"}],"about":[{"href":"https:\/\/carlakrieger.com.br\/index.php?rest_route=\/wp\/v2\/types\/post"}],"author":[{"embeddable":true,"href":"https:\/\/carlakrieger.com.br\/index.php?rest_route=\/wp\/v2\/users\/1"}],"replies":[{"embeddable":true,"href":"https:\/\/carlakrieger.com.br\/index.php?rest_route=%2Fwp%2Fv2%2Fcomments&post=1936"}],"version-history":[{"count":1,"href":"https:\/\/carlakrieger.com.br\/index.php?rest_route=\/wp\/v2\/posts\/1936\/revisions"}],"predecessor-version":[{"id":1939,"href":"https:\/\/carlakrieger.com.br\/index.php?rest_route=\/wp\/v2\/posts\/1936\/revisions\/1939"}],"wp:featuredmedia":[{"embeddable":true,"href":"https:\/\/carlakrieger.com.br\/index.php?rest_route=\/wp\/v2\/media\/1937"}],"wp:attachment":[{"href":"https:\/\/carlakrieger.com.br\/index.php?rest_route=%2Fwp%2Fv2%2Fmedia&parent=1936"}],"wp:term":[{"taxonomy":"category","embeddable":true,"href":"https:\/\/carlakrieger.com.br\/index.php?rest_route=%2Fwp%2Fv2%2Fcategories&post=1936"},{"taxonomy":"post_tag","embeddable":true,"href":"https:\/\/carlakrieger.com.br\/index.php?rest_route=%2Fwp%2Fv2%2Ftags&post=1936"}],"curies":[{"name":"wp","href":"https:\/\/api.w.org\/{rel}","templated":true}]}}