{"id":1931,"date":"2022-08-19T10:03:09","date_gmt":"2022-08-19T13:03:09","guid":{"rendered":"https:\/\/carlakrieger.com.br\/?p=1931"},"modified":"2022-08-19T10:03:09","modified_gmt":"2022-08-19T13:03:09","slug":"entregando-valor-com-o-disciplined-agile-ppt","status":"publish","type":"post","link":"https:\/\/carlakrieger.com.br\/?p=1931","title":{"rendered":"Entregando Valor com o Disciplined Agile (ppt)"},"content":{"rendered":"<p><b>\u201cSem o pensamento sist\u00eamico, a semente da vis\u00e3o cai em solo est\u00e9ril\u201d (Peter Senge)<\/b><\/p>\n<div><span style=\"font-family: Arial, sans-serif;\">O Disciplined Agile, atrav\u00e9s do seu tool kit de ferramentas, tem por meta transformar as organiza\u00e7\u00f5es, estimulando uma cultura e estrutura \u00e1geis.<\/span><\/div>\n<div><span style=\"font-family: Arial, sans-serif;\">No webinar realizado junto ao PMI-Rio foi abordado sobre as ferramentas do DA que suportam a vis\u00e3o sist\u00eamica das organiza\u00e7\u00f5es, potencializando a entrega de valor de forma mais eficiente e eficaz.<\/span><\/div>\n<div><\/div>\n<div>Comparitlho aqui o materila utilizado na apresenta\u00e7\u00e3o: <a href=\"https:\/\/carlakrieger.com.br\/wp-content\/uploads\/2022\/08\/Otimizando-a-Entrega-do-Valor-com-o-DA-Salvo-Automaticamente.pdf\">Otimizando a Entrega do Valor com o DA <\/a><\/div>\n","protected":false},"excerpt":{"rendered":"<p>\u201cSem o pensamento sist\u00eamico, a semente da vis\u00e3o cai em solo est\u00e9ril\u201d (Peter Senge) O Disciplined Agile, atrav\u00e9s do seu tool kit de ferramentas, tem por meta transformar as organiza\u00e7\u00f5es, estimulando uma cultura e estrutura \u00e1geis. No webinar realizado junto ao PMI-Rio foi abordado sobre as ferramentas do DA que suportam a vis\u00e3o sist\u00eamica das [&hellip;]<\/p>\n","protected":false},"author":1,"featured_media":1933,"comment_status":"open","ping_status":"open","sticky":false,"template":"","format":"standard","meta":[],"categories":[1],"tags":[],"_links":{"self":[{"href":"https:\/\/carlakrieger.com.br\/index.php?rest_route=\/wp\/v2\/posts\/1931"}],"collection":[{"href":"https:\/\/carlakrieger.com.br\/index.php?rest_route=\/wp\/v2\/posts"}],"about":[{"href":"https:\/\/carlakrieger.com.br\/index.php?rest_route=\/wp\/v2\/types\/post"}],"author":[{"embeddable":true,"href":"https:\/\/carlakrieger.com.br\/index.php?rest_route=\/wp\/v2\/users\/1"}],"replies":[{"embeddable":true,"href":"https:\/\/carlakrieger.com.br\/index.php?rest_route=%2Fwp%2Fv2%2Fcomments&post=1931"}],"version-history":[{"count":1,"href":"https:\/\/carlakrieger.com.br\/index.php?rest_route=\/wp\/v2\/posts\/1931\/revisions"}],"predecessor-version":[{"id":1934,"href":"https:\/\/carlakrieger.com.br\/index.php?rest_route=\/wp\/v2\/posts\/1931\/revisions\/1934"}],"wp:featuredmedia":[{"embeddable":true,"href":"https:\/\/carlakrieger.com.br\/index.php?rest_route=\/wp\/v2\/media\/1933"}],"wp:attachment":[{"href":"https:\/\/carlakrieger.com.br\/index.php?rest_route=%2Fwp%2Fv2%2Fmedia&parent=1931"}],"wp:term":[{"taxonomy":"category","embeddable":true,"href":"https:\/\/carlakrieger.com.br\/index.php?rest_route=%2Fwp%2Fv2%2Fcategories&post=1931"},{"taxonomy":"post_tag","embeddable":true,"href":"https:\/\/carlakrieger.com.br\/index.php?rest_route=%2Fwp%2Fv2%2Ftags&post=1931"}],"curies":[{"name":"wp","href":"https:\/\/api.w.org\/{rel}","templated":true}]}}