{"id":1892,"date":"2022-03-25T08:55:00","date_gmt":"2022-03-25T11:55:00","guid":{"rendered":"https:\/\/carlakrieger.com.br\/?p=1892"},"modified":"2022-03-25T08:55:00","modified_gmt":"2022-03-25T11:55:00","slug":"palestra-no-pmo-summit-2022","status":"publish","type":"post","link":"https:\/\/carlakrieger.com.br\/?p=1892","title":{"rendered":"Palestra no PMO Summit 2022"},"content":{"rendered":"<p><a href=\"https:\/\/www.linkedin.com\/in\/eric-miyahira-76bba7aa\/\">Eric Miyahira<\/a> e eu estaremos compartilhando nossas experi\u00eancias no VMO do Hub Difital da Globo no PMO Summit 2022, considerado o maior encontro\u00a0de l\u00edderes de PMO da Am\u00e9rica Latina. J\u00e1 reuniu +5.000 l\u00edderes das principais empresas.<\/p>\n<p>O tema da nossa palestra ser\u00e1 &#8220;VMO no Hub Digital da Globo: acelerando a entrega de valor aos produtos digitais da empresa&#8221;<\/p>\n<div class=\"elementor-element elementor-element-320a527 elementor-widget elementor-widget-jet-listing-dynamic-field\" data-id=\"320a527\" data-element_type=\"widget\" data-widget_type=\"jet-listing-dynamic-field.default\">\n<div class=\"elementor-widget-container\">\n<div class=\"jet-listing jet-listing-dynamic-field display-inline\">\n<div class=\"jet-listing-dynamic-field__inline-wrap\">\n<div class=\"jet-listing-dynamic-field__content\">\n<p>Com uma vis\u00e3o integrada e hol\u00edstica de portf\u00f3lio, incorporando as melhores pr\u00e1ticas do mercado e impulsionando o Business Agility, olhando muito mais para dimens\u00f5es de neg\u00f3cio de um portf\u00f3lio do que para ferramentas e frameworks &#8211; entenda como o Value Management Office (VMO) do Hub Digital da Globo tem se estruturado para entregar mais valor com os produtos digitais da empresa.<\/p>\n<\/div>\n<\/div>\n<\/div>\n<\/div>\n<\/div>\n<div class=\"elementor-element elementor-element-aa98a9a elementor-widget elementor-widget-jet-listing-dynamic-field\" data-id=\"aa98a9a\" data-element_type=\"widget\" data-widget_type=\"jet-listing-dynamic-field.default\">\n<div class=\"elementor-widget-container\">\n<div class=\"jet-listing jet-listing-dynamic-field display-inline\">\n<div class=\"jet-listing-dynamic-field__inline-wrap\">\n<div class=\"jet-listing-dynamic-field__content\">\n<ul>\n<li>Continue Delivery;<\/li>\n<li>M\u00e9tricas e vis\u00f5es para tomada de decis\u00e3o;<\/li>\n<li>De um mindset de PMO para um trabalho de VMO.<\/li>\n<\/ul>\n<p>Acesse a program\u00e7\u00e3o de evento clicando <a href=\"https:\/\/blueprintt.co\/programacao\/pmo-summit-2022\/\">aqui<\/a>.<\/p>\n<\/div>\n<\/div>\n<\/div>\n<\/div>\n<\/div>\n","protected":false},"excerpt":{"rendered":"<p>Eric Miyahira e eu estaremos compartilhando nossas experi\u00eancias no VMO do Hub Difital da Globo no PMO Summit 2022, considerado o maior encontro\u00a0de l\u00edderes de PMO da Am\u00e9rica Latina. J\u00e1 reuniu +5.000 l\u00edderes das principais empresas. O tema da nossa palestra ser\u00e1 &#8220;VMO no Hub Digital da Globo: acelerando a entrega de valor aos produtos [&hellip;]<\/p>\n","protected":false},"author":1,"featured_media":1893,"comment_status":"open","ping_status":"open","sticky":false,"template":"","format":"standard","meta":[],"categories":[83],"tags":[],"_links":{"self":[{"href":"https:\/\/carlakrieger.com.br\/index.php?rest_route=\/wp\/v2\/posts\/1892"}],"collection":[{"href":"https:\/\/carlakrieger.com.br\/index.php?rest_route=\/wp\/v2\/posts"}],"about":[{"href":"https:\/\/carlakrieger.com.br\/index.php?rest_route=\/wp\/v2\/types\/post"}],"author":[{"embeddable":true,"href":"https:\/\/carlakrieger.com.br\/index.php?rest_route=\/wp\/v2\/users\/1"}],"replies":[{"embeddable":true,"href":"https:\/\/carlakrieger.com.br\/index.php?rest_route=%2Fwp%2Fv2%2Fcomments&post=1892"}],"version-history":[{"count":1,"href":"https:\/\/carlakrieger.com.br\/index.php?rest_route=\/wp\/v2\/posts\/1892\/revisions"}],"predecessor-version":[{"id":1894,"href":"https:\/\/carlakrieger.com.br\/index.php?rest_route=\/wp\/v2\/posts\/1892\/revisions\/1894"}],"wp:featuredmedia":[{"embeddable":true,"href":"https:\/\/carlakrieger.com.br\/index.php?rest_route=\/wp\/v2\/media\/1893"}],"wp:attachment":[{"href":"https:\/\/carlakrieger.com.br\/index.php?rest_route=%2Fwp%2Fv2%2Fmedia&parent=1892"}],"wp:term":[{"taxonomy":"category","embeddable":true,"href":"https:\/\/carlakrieger.com.br\/index.php?rest_route=%2Fwp%2Fv2%2Fcategories&post=1892"},{"taxonomy":"post_tag","embeddable":true,"href":"https:\/\/carlakrieger.com.br\/index.php?rest_route=%2Fwp%2Fv2%2Ftags&post=1892"}],"curies":[{"name":"wp","href":"https:\/\/api.w.org\/{rel}","templated":true}]}}