{"id":1844,"date":"2022-02-13T23:18:47","date_gmt":"2022-02-14T02:18:47","guid":{"rendered":"https:\/\/carlakrieger.com.br\/?p=1844"},"modified":"2022-02-14T08:32:26","modified_gmt":"2022-02-14T11:32:26","slug":"palestra-no-agile-trends","status":"publish","type":"post","link":"https:\/\/carlakrieger.com.br\/?p=1844","title":{"rendered":"Palestra no Agile Trends"},"content":{"rendered":"<div class=\"wpb_text_column wpb_content_element vc_custom_1641912401977\">\n<div class=\"wpb_wrapper\">\n<p>Depois de 2 anos sem encontros, o Agile Trends est\u00e1 preparando um retorno em grande estilo.<\/p>\n<\/div>\n<div class=\"wpb_wrapper\">\n<p>Em 2022 voltar\u00e1 com grandes eventos presenciais, e o de abril promete!<\/p>\n<p>Vem com muitas novidades!<\/p>\n<p>E com muita satisfa\u00e7\u00e3o tivemos, Rodrigo Maia Ribeiro e eu, a nossa palestra aceita, onde vamos compartilhar um pouco da nossa experi\u00eancia na nossa jornada da busca de entrega cada vez mais cedo de valor no Hub Digital da Globo!<\/p>\n<p>Confira a programa\u00e7\u00e3o completa: <a href=\"https:\/\/agiletrendsbr.com\/programacao-agile-trends-2022\/\">https:\/\/agiletrendsbr.com\/programacao-agile-trends-2022\/\u00a0<\/a><\/p>\n<\/div>\n<p>Te esperamos l\u00e1!<\/p>\n<p>&nbsp;<\/p>\n<\/div>\n","protected":false},"excerpt":{"rendered":"<p>Depois de 2 anos sem encontros, o Agile Trends est\u00e1 preparando um retorno em grande estilo. Em 2022 voltar\u00e1 com grandes eventos presenciais, e o de abril promete! Vem com muitas novidades! E com muita satisfa\u00e7\u00e3o tivemos, Rodrigo Maia Ribeiro e eu, a nossa palestra aceita, onde vamos compartilhar um pouco da nossa experi\u00eancia na [&hellip;]<\/p>\n","protected":false},"author":1,"featured_media":0,"comment_status":"open","ping_status":"open","sticky":false,"template":"","format":"standard","meta":[],"categories":[83],"tags":[],"_links":{"self":[{"href":"https:\/\/carlakrieger.com.br\/index.php?rest_route=\/wp\/v2\/posts\/1844"}],"collection":[{"href":"https:\/\/carlakrieger.com.br\/index.php?rest_route=\/wp\/v2\/posts"}],"about":[{"href":"https:\/\/carlakrieger.com.br\/index.php?rest_route=\/wp\/v2\/types\/post"}],"author":[{"embeddable":true,"href":"https:\/\/carlakrieger.com.br\/index.php?rest_route=\/wp\/v2\/users\/1"}],"replies":[{"embeddable":true,"href":"https:\/\/carlakrieger.com.br\/index.php?rest_route=%2Fwp%2Fv2%2Fcomments&post=1844"}],"version-history":[{"count":5,"href":"https:\/\/carlakrieger.com.br\/index.php?rest_route=\/wp\/v2\/posts\/1844\/revisions"}],"predecessor-version":[{"id":1851,"href":"https:\/\/carlakrieger.com.br\/index.php?rest_route=\/wp\/v2\/posts\/1844\/revisions\/1851"}],"wp:attachment":[{"href":"https:\/\/carlakrieger.com.br\/index.php?rest_route=%2Fwp%2Fv2%2Fmedia&parent=1844"}],"wp:term":[{"taxonomy":"category","embeddable":true,"href":"https:\/\/carlakrieger.com.br\/index.php?rest_route=%2Fwp%2Fv2%2Fcategories&post=1844"},{"taxonomy":"post_tag","embeddable":true,"href":"https:\/\/carlakrieger.com.br\/index.php?rest_route=%2Fwp%2Fv2%2Ftags&post=1844"}],"curies":[{"name":"wp","href":"https:\/\/api.w.org\/{rel}","templated":true}]}}