{"id":1841,"date":"2022-02-10T23:05:14","date_gmt":"2022-02-11T02:05:14","guid":{"rendered":"https:\/\/carlakrieger.com.br\/?p=1841"},"modified":"2022-02-10T23:05:14","modified_gmt":"2022-02-11T02:05:14","slug":"palestra-na-aginext-2022","status":"publish","type":"post","link":"https:\/\/carlakrieger.com.br\/?p=1841","title":{"rendered":"Palestra na Aginext 2022"},"content":{"rendered":"<p>Muito feliz com a oportunidade de palestar na Aginext 2022, no evento online de abril, compartilhando os desafios na ado\u00e7\u00e3o de um Lean-Agile Portfolio!<\/p>\n<p>A 6\u00aa Confer\u00eancia Anual Aginext ser\u00e1 a anti-h\u00edbrida:<\/p>\n<ul>\n<li>Aginext Global: Quinta-feira 28 de abril de 2022 &#8211; 100% remoto, 100% ao vivo e interativo<\/li>\n<li>Aginext Local: Sexta-feira, 29 de abril de 2022 &#8211; evento 100% presencial por e para londrinos (Ingresso global inclu\u00eddo)<\/li>\n<\/ul>\n<p>Aginext \u00e9 uma confer\u00eancia dedicada aos temas de avan\u00e7ados de Business Agility, DevOps e Entrega Cont\u00ednua, e o que est\u00e1 por vir em uma Era P\u00f3s-\u00c1gil.\u00a0 O objetivo \u00e9 estar no limite com discuss\u00f5es avan\u00e7adas e workshops que realmente mergulhem no futuro da colabora\u00e7\u00e3o.<\/p>\n<p>Vamos experimentar e compartilhar experi\u00eancias juntos!<\/p>\n<p>Mais informa\u00e7\u00f5es e inscri\u00e7\u00e3o: <a href=\"https:\/\/aginext.com\/aginext-conference-2022\/\">https:\/\/aginext.com\/aginext-conference-2022\/<\/a><\/p>\n","protected":false},"excerpt":{"rendered":"<p>Muito feliz com a oportunidade de palestar na Aginext 2022, no evento online de abril, compartilhando os desafios na ado\u00e7\u00e3o de um Lean-Agile Portfolio! A 6\u00aa Confer\u00eancia Anual Aginext ser\u00e1 a anti-h\u00edbrida: Aginext Global: Quinta-feira 28 de abril de 2022 &#8211; 100% remoto, 100% ao vivo e interativo Aginext Local: Sexta-feira, 29 de abril de [&hellip;]<\/p>\n","protected":false},"author":1,"featured_media":1842,"comment_status":"open","ping_status":"open","sticky":false,"template":"","format":"standard","meta":[],"categories":[83],"tags":[91,92,93],"_links":{"self":[{"href":"https:\/\/carlakrieger.com.br\/index.php?rest_route=\/wp\/v2\/posts\/1841"}],"collection":[{"href":"https:\/\/carlakrieger.com.br\/index.php?rest_route=\/wp\/v2\/posts"}],"about":[{"href":"https:\/\/carlakrieger.com.br\/index.php?rest_route=\/wp\/v2\/types\/post"}],"author":[{"embeddable":true,"href":"https:\/\/carlakrieger.com.br\/index.php?rest_route=\/wp\/v2\/users\/1"}],"replies":[{"embeddable":true,"href":"https:\/\/carlakrieger.com.br\/index.php?rest_route=%2Fwp%2Fv2%2Fcomments&post=1841"}],"version-history":[{"count":1,"href":"https:\/\/carlakrieger.com.br\/index.php?rest_route=\/wp\/v2\/posts\/1841\/revisions"}],"predecessor-version":[{"id":1843,"href":"https:\/\/carlakrieger.com.br\/index.php?rest_route=\/wp\/v2\/posts\/1841\/revisions\/1843"}],"wp:featuredmedia":[{"embeddable":true,"href":"https:\/\/carlakrieger.com.br\/index.php?rest_route=\/wp\/v2\/media\/1842"}],"wp:attachment":[{"href":"https:\/\/carlakrieger.com.br\/index.php?rest_route=%2Fwp%2Fv2%2Fmedia&parent=1841"}],"wp:term":[{"taxonomy":"category","embeddable":true,"href":"https:\/\/carlakrieger.com.br\/index.php?rest_route=%2Fwp%2Fv2%2Fcategories&post=1841"},{"taxonomy":"post_tag","embeddable":true,"href":"https:\/\/carlakrieger.com.br\/index.php?rest_route=%2Fwp%2Fv2%2Ftags&post=1841"}],"curies":[{"name":"wp","href":"https:\/\/api.w.org\/{rel}","templated":true}]}}