{"id":1827,"date":"2022-01-17T08:32:31","date_gmt":"2022-01-17T11:32:31","guid":{"rendered":"https:\/\/carlakrieger.com.br\/?p=1827"},"modified":"2022-01-17T08:32:31","modified_gmt":"2022-01-17T11:32:31","slug":"livro-jornada-okr-na-pratica-unindo-praticas-e-experiencias-que-potencializam-resultados","status":"publish","type":"post","link":"https:\/\/carlakrieger.com.br\/?p=1827","title":{"rendered":"Livro Jornada OKR na Pr\u00e1tica: unindo pr\u00e1ticas e experi\u00eancias que potencializam resultados"},"content":{"rendered":"<p class=\"western\">Aprenda conceitos e pr\u00e1ticas em OKR com experi\u00eancias de 41 pessoas atuantes na lideran\u00e7a da ado\u00e7\u00e3o de OKRs nos mais diversos setores do mercado brasileiro e internacional.<\/p>\n<p>Conhe\u00e7a os desafios e melhores pr\u00e1ticas em uma jornada de implanta\u00e7\u00e3o de OKRs.<\/p>\n<p>&#8220;Nesta obra, mais uma gola\u00e7o dessa iniciativa fant\u00e1stica chamada Jornada Colaborativa, temos um aprofundamento dos conceitos, aplica\u00e7\u00f5es baseadas em contextos e, principalmente,\u00a0<i>cases<\/i>\u00a0reais de mercado, que com certeza ir\u00e3o ajud\u00e1-lo neste mundo VUCA\/BANI onde objetivos de curto prazo s\u00e3o cada vez mais necess\u00e1rios.\u201d \u2013 Vitor Massari, prefaciador.<\/p>\n<p>Muito feliz com a oportunidade de ter liderado esse livro ao lado de curadores e coautores incr\u00edveis !<\/p>\n<p>Adquira o seu exemplar <a href=\"https:\/\/www.brasport.com.br\/gerenciamento-de-projetos\/metodos-ageis\/jornada-okr-na-pratica\/\">aqui<\/a>!<\/p>\n","protected":false},"excerpt":{"rendered":"<p>Aprenda conceitos e pr\u00e1ticas em OKR com experi\u00eancias de 41 pessoas atuantes na lideran\u00e7a da ado\u00e7\u00e3o de OKRs nos mais diversos setores do mercado brasileiro e internacional. Conhe\u00e7a os desafios e melhores pr\u00e1ticas em uma jornada de implanta\u00e7\u00e3o de OKRs. &#8220;Nesta obra, mais uma gola\u00e7o dessa iniciativa fant\u00e1stica chamada Jornada Colaborativa, temos um aprofundamento dos [&hellip;]<\/p>\n","protected":false},"author":1,"featured_media":1829,"comment_status":"open","ping_status":"open","sticky":false,"template":"","format":"standard","meta":[],"categories":[83],"tags":[],"_links":{"self":[{"href":"https:\/\/carlakrieger.com.br\/index.php?rest_route=\/wp\/v2\/posts\/1827"}],"collection":[{"href":"https:\/\/carlakrieger.com.br\/index.php?rest_route=\/wp\/v2\/posts"}],"about":[{"href":"https:\/\/carlakrieger.com.br\/index.php?rest_route=\/wp\/v2\/types\/post"}],"author":[{"embeddable":true,"href":"https:\/\/carlakrieger.com.br\/index.php?rest_route=\/wp\/v2\/users\/1"}],"replies":[{"embeddable":true,"href":"https:\/\/carlakrieger.com.br\/index.php?rest_route=%2Fwp%2Fv2%2Fcomments&post=1827"}],"version-history":[{"count":2,"href":"https:\/\/carlakrieger.com.br\/index.php?rest_route=\/wp\/v2\/posts\/1827\/revisions"}],"predecessor-version":[{"id":1830,"href":"https:\/\/carlakrieger.com.br\/index.php?rest_route=\/wp\/v2\/posts\/1827\/revisions\/1830"}],"wp:featuredmedia":[{"embeddable":true,"href":"https:\/\/carlakrieger.com.br\/index.php?rest_route=\/wp\/v2\/media\/1829"}],"wp:attachment":[{"href":"https:\/\/carlakrieger.com.br\/index.php?rest_route=%2Fwp%2Fv2%2Fmedia&parent=1827"}],"wp:term":[{"taxonomy":"category","embeddable":true,"href":"https:\/\/carlakrieger.com.br\/index.php?rest_route=%2Fwp%2Fv2%2Fcategories&post=1827"},{"taxonomy":"post_tag","embeddable":true,"href":"https:\/\/carlakrieger.com.br\/index.php?rest_route=%2Fwp%2Fv2%2Ftags&post=1827"}],"curies":[{"name":"wp","href":"https:\/\/api.w.org\/{rel}","templated":true}]}}