{"id":1806,"date":"2021-12-30T12:27:05","date_gmt":"2021-12-30T15:27:05","guid":{"rendered":"https:\/\/carlakrieger.com.br\/?p=1806"},"modified":"2021-12-30T16:31:02","modified_gmt":"2021-12-30T19:31:02","slug":"adeus-2021-e-bem-vindo-2022","status":"publish","type":"post","link":"https:\/\/carlakrieger.com.br\/?p=1806","title":{"rendered":"Adeus 2021 e bem vindo 2022 !!!"},"content":{"rendered":"<p>O ano de 2021, ainda que tenha sido em um contexto muito pesado da pandemia, principalmente no primeiro semestre, \u00e9 mais um ano que tenho muito o que agradecer!!!!<\/p>\n<p>Foi um ano que no \u00e2mbito familiar todos est\u00e3o bem, com apenas desafios comuns a idade, como as dos meus pais que est\u00e3o quase na casa dos nos 90 anos! Onde tive tamb\u00e9m muitas realiza\u00e7\u00f5es junto a minha filha e marido. Gratid\u00e3o!<\/p>\n<p>No contexto profissional posso dizer que, com o modelo remoto, as oportunidades se tornaram praticamente exponenciais! Grande desafio para gerenciar um WIP saud\u00e1vel!<\/p>\n<p>Tive a oportunidade de engajar como Embaixadora Brasileira do maior evento global de agilidade, que foi o <a href=\"https:\/\/agile20reflect.org\/\">Agile20Reflect<\/a> Festival. Evento que ocorreu em fevereiro em comemora\u00e7\u00e3o aos 20 anos do manifesto \u00e1gil! Dessa iniciativa sugiram outras oportunidades incr\u00edveis em que me envolvi em 2 delas: Trustee da Comunidade <a href=\"https:\/\/access-agile.org\/\">Access Agile<\/a> e o convite para ser co-host do <a href=\"https:\/\/agile-world.news\/\">Agile World Portugu\u00eas<\/a>. Iniciativas que tem total fit com o meu prop\u00f3sito de democratizar conhecimento e ajudar pessoas. Prop\u00f3sito esse que me fez engajar desde 2019 na <a href=\"https:\/\/jornadacolaborativa.com.br\/\">Jornada Colaborativa<\/a>, e que em \u00a02021, al\u00e9m de ter ampliado amizades, ter sido co-organizadora de eventos, me possibilitou liderar 2 livros lan\u00e7ados nesse ano, ao lado de profissionais refer\u00eancias, em que muitos deles sou super f\u00e3: Jornada Business Agility (<a href=\"https:\/\/www.brasport.com.br\/gerenciamento-de-projetos\/metodos-ageis\/jornada-business-agility\/\">vers\u00e3o Portugu\u00eas<\/a> e <a href=\"https:\/\/www.amazon.com.br\/Business-Agility-Journey-Understand-adaptability-ebook\/dp\/B09BJW5RFK\/ref=sr_1_1?__mk_pt_BR=%C3%85M%C3%85%C5%BD%C3%95%C3%91&amp;dchild=1&amp;keywords=business+agility+journey&amp;qid=1634658945&amp;s=books&amp;sr=1-1\">Ingl\u00eas<\/a>) e <a href=\"https:\/\/www.brasport.com.br\/gerenciamento-de-projetos\/metodos-ageis\/jornada-okr-na-pratica\/\">Jornada OKR na Pr\u00e1tica<\/a>. E todas essas iniciativas da Jornada Colaborativa com o objetivo de doar os resultados para institui\u00e7\u00f5es\/ONGs.<\/p>\n<p>E com esses envolvimentos v\u00e1rios convites vieram para palestras nacionais e internacionais. Destaco aqui o <a href=\"https:\/\/carlakrieger.com.br\/?p=1728\">LeanInAgile (LIA) DMV Spiral on September<\/a> e o <a href=\"https:\/\/carlakrieger.com.br\/?p=1606\">WIA Global Conference 2021<\/a><\/p>\n<p>Resultado tamb\u00e9m de trabalho volunt\u00e1rio de 2020, em que um grupo de profissionais fant\u00e1sticos se reuniram para criar o <a href=\"https:\/\/www.hybridmanifesto.online\/pt-br\/\">Manifesto de Gest\u00e3o Hibrida<\/a>, liderados pelo H\u00e9lio Costa, estreitou alguns relacionamentos que abriram portas para me tornar DA Trainer na <a href=\"https:\/\/hiflexconsultoria.com.br\/\">Hiflex<\/a> e <a href=\"https:\/\/fleksmodel.com\/\">FLEKS Hybrid Model Trainer<\/a>.<\/p>\n<p>A amplia\u00e7\u00e3o do network e trabalho colaborativo tamb\u00e9m geraram convites para aulas na <a href=\"https:\/\/posgraduacao.mackenzie.br\/\">Mackenzie<\/a>, no <a href=\"https:\/\/www.bbiofchicago.com\/\">BBI of Chicago<\/a> e novas turmas na <a href=\"https:\/\/www.impacta.com.br\/\">Impacta<\/a> e turmas para 2022 para a <a href=\"https:\/\/www.catolicasc.org.br\/\">Cat\u00f3lica de SC<\/a> e <a href=\"https:\/\/ensineme.com.br\/\">EnsineMe<\/a>. Al\u00e9m da possibilidade de participara da iniciativa inovadora <a href=\"https:\/\/21xp.app\/\">21.xp<\/a>.<\/p>\n<p>E o bacana \u00e9 que tudo isso \u00e9 resultado de trabalho volunt\u00e1rio, que amo !!!<\/p>\n<p>O interessante \u00e9 que esse tipo de oportunidade volunt\u00e1ria, tamb\u00e9m temos nas nossas empresas. Basta querer ajudar! Al\u00e9m de eu estar liderando uma iniciativa que me motiva muito e desafiadora no VMO do Hub Digital da <a href=\"https:\/\/grupoglobo.globo.com\/\">Globo<\/a>, que \u00e9 o Lean Agile Portf\u00f3lio Management, acabei me engajando em oportunidades volunt\u00e1rias do Grupo Globo, como a escrita do \u00a0livro Time Dev, muito mais do que c\u00f3digo, escrito por profissionais da Globo e muito bem liderado e conduzido pelo Victor Cardoso! Engajei tamb\u00e9m com a comunidade Voc\u00ea + \u00c1gil, Academias Globo e em algumas iniciativas da nossa Marca Empregadora!<\/p>\n<p>Muitos me perguntam como tenho tempo para fazer tudo isso!!! Al\u00e9m de curiosidade e estar sempre em busca de aprender, seja por experimentos, cursos, leituras ou podcasts, existem 3 pilares que me permitem isso:<\/p>\n<ol>\n<li>Tudo o que me engajo tem o prop\u00f3sito comum de democratizar a informa\u00e7\u00e3o e ajudar pessoas. Esfor\u00e7os acabam convergindo.<\/li>\n<li>N\u00e3o sou eu que fa\u00e7o! Eu colaboro junto com outras centenas de pessoas motivadas pelo mesmo prop\u00f3sito!<\/li>\n<li>Fam\u00edlia que apoia e vibra a cada conquista junto comigo!<\/li>\n<\/ol>\n<p>Adeus e obrigada a 2021 que me permite sonhar ainda mais para 2022 !!!<\/p>\n","protected":false},"excerpt":{"rendered":"<p>O ano de 2021, ainda que tenha sido em um contexto muito pesado da pandemia, principalmente no primeiro semestre, \u00e9 mais um ano que tenho muito o que agradecer!!!! Foi um ano que no \u00e2mbito familiar todos est\u00e3o bem, com apenas desafios comuns a idade, como as dos meus pais que est\u00e3o quase na casa [&hellip;]<\/p>\n","protected":false},"author":1,"featured_media":1807,"comment_status":"open","ping_status":"open","sticky":false,"template":"","format":"standard","meta":[],"categories":[1],"tags":[],"_links":{"self":[{"href":"https:\/\/carlakrieger.com.br\/index.php?rest_route=\/wp\/v2\/posts\/1806"}],"collection":[{"href":"https:\/\/carlakrieger.com.br\/index.php?rest_route=\/wp\/v2\/posts"}],"about":[{"href":"https:\/\/carlakrieger.com.br\/index.php?rest_route=\/wp\/v2\/types\/post"}],"author":[{"embeddable":true,"href":"https:\/\/carlakrieger.com.br\/index.php?rest_route=\/wp\/v2\/users\/1"}],"replies":[{"embeddable":true,"href":"https:\/\/carlakrieger.com.br\/index.php?rest_route=%2Fwp%2Fv2%2Fcomments&post=1806"}],"version-history":[{"count":4,"href":"https:\/\/carlakrieger.com.br\/index.php?rest_route=\/wp\/v2\/posts\/1806\/revisions"}],"predecessor-version":[{"id":1812,"href":"https:\/\/carlakrieger.com.br\/index.php?rest_route=\/wp\/v2\/posts\/1806\/revisions\/1812"}],"wp:featuredmedia":[{"embeddable":true,"href":"https:\/\/carlakrieger.com.br\/index.php?rest_route=\/wp\/v2\/media\/1807"}],"wp:attachment":[{"href":"https:\/\/carlakrieger.com.br\/index.php?rest_route=%2Fwp%2Fv2%2Fmedia&parent=1806"}],"wp:term":[{"taxonomy":"category","embeddable":true,"href":"https:\/\/carlakrieger.com.br\/index.php?rest_route=%2Fwp%2Fv2%2Fcategories&post=1806"},{"taxonomy":"post_tag","embeddable":true,"href":"https:\/\/carlakrieger.com.br\/index.php?rest_route=%2Fwp%2Fv2%2Ftags&post=1806"}],"curies":[{"name":"wp","href":"https:\/\/api.w.org\/{rel}","templated":true}]}}