{"id":1801,"date":"2021-12-11T15:27:33","date_gmt":"2021-12-11T18:27:33","guid":{"rendered":"https:\/\/carlakrieger.com.br\/?p=1801"},"modified":"2021-12-11T15:27:33","modified_gmt":"2021-12-11T18:27:33","slug":"livro-jornada-okr-na-pratica","status":"publish","type":"post","link":"https:\/\/carlakrieger.com.br\/?p=1801","title":{"rendered":"Livro Jornada OKR na Pr\u00e1tica"},"content":{"rendered":"<p>Aprenda conceitos e pr\u00e1ticas em OKR com experi\u00eancias de 42 profissionais atuantes na lideran\u00e7a da ado\u00e7\u00e3o de OKRs nos mais diversos setores do mercado brasileiro e internacional, em mais um livro da <a href=\"https:\/\/jornadacolaborativa.com.br\/\">Jornada Colaborativa<\/a>!<\/p>\n<p>Com imensa felicidade informo que o livro Jornada OKR na Pr\u00e1tica, que tive a honra de liderar ao lado de curadores e coautores incr\u00edveis, j\u00e1 se encontra em pre-venda!<\/p>\n<p>Acesse no <a href=\"https:\/\/www.brasport.com.br\/gerenciamento-de-projetos\/metodos-ageis\/jornada-okr-na-pratica\/\">link da Brasport<\/a><\/p>\n<p><strong>Coautores<br \/>\n<\/strong>Adriana Brand\u00e3o<br \/>\nAlessandro Seixas<br \/>\nAntonio Muniz<br \/>\nBruna Milare<br \/>\nBruno Tadeu Fran\u00e7a<br \/>\nBruno Tarsis<br \/>\nBruno Urakawa<br \/>\nCarla Krieger<br \/>\nCarlos Eduardo R. Cruz<br \/>\nDani Dias<br \/>\nDaniel Moro<br \/>\nEriveldo Madureira<br \/>\nFabio Cruz<br \/>\nFernando Fernandes<br \/>\nFlavia Silva<br \/>\nFrancisco Medeiros<br \/>\nGabriel FranciscoPistillo Fernandes<br \/>\nHermann Rego<br \/>\nJamile Marques<br \/>\nJ\u00fanior Rodrigues<br \/>\nLeandro Mattoso<br \/>\nLeonardo Santos<br \/>\nLuiz Eduardo Labriola<br \/>\nM\u00e1rcia Maximiano<br \/>\nMarcos Afonso Dias<br \/>\nMaria Ang\u00e9lica Castellani<br \/>\nMaria Heloiza Rodrigues Magrin<br \/>\nMar\u00edlia Maragno<br \/>\nMarlon Bastida<br \/>\nPedro Signorelli<br \/>\nQueli Silva<br \/>\nRafael Vilela<br \/>\nRenata de Podest\u00e1 Gaspar<br \/>\nRoberta Altermann<br \/>\nRodrigo do Vale<br \/>\nRonaldo Menezes<br \/>\nVictor Patan\u00e9<br \/>\nWalther Krause<br \/>\nWerther Krause<br \/>\nYuri Bilinski Escari\u00e3o<br \/>\nYussif Barcelos Dutra<\/p>\n","protected":false},"excerpt":{"rendered":"<p>Aprenda conceitos e pr\u00e1ticas em OKR com experi\u00eancias de 42 profissionais atuantes na lideran\u00e7a da ado\u00e7\u00e3o de OKRs nos mais diversos setores do mercado brasileiro e internacional, em mais um livro da Jornada Colaborativa! Com imensa felicidade informo que o livro Jornada OKR na Pr\u00e1tica, que tive a honra de liderar ao lado de curadores [&hellip;]<\/p>\n","protected":false},"author":1,"featured_media":1802,"comment_status":"open","ping_status":"open","sticky":false,"template":"","format":"standard","meta":[],"categories":[83],"tags":[],"_links":{"self":[{"href":"https:\/\/carlakrieger.com.br\/index.php?rest_route=\/wp\/v2\/posts\/1801"}],"collection":[{"href":"https:\/\/carlakrieger.com.br\/index.php?rest_route=\/wp\/v2\/posts"}],"about":[{"href":"https:\/\/carlakrieger.com.br\/index.php?rest_route=\/wp\/v2\/types\/post"}],"author":[{"embeddable":true,"href":"https:\/\/carlakrieger.com.br\/index.php?rest_route=\/wp\/v2\/users\/1"}],"replies":[{"embeddable":true,"href":"https:\/\/carlakrieger.com.br\/index.php?rest_route=%2Fwp%2Fv2%2Fcomments&post=1801"}],"version-history":[{"count":1,"href":"https:\/\/carlakrieger.com.br\/index.php?rest_route=\/wp\/v2\/posts\/1801\/revisions"}],"predecessor-version":[{"id":1803,"href":"https:\/\/carlakrieger.com.br\/index.php?rest_route=\/wp\/v2\/posts\/1801\/revisions\/1803"}],"wp:featuredmedia":[{"embeddable":true,"href":"https:\/\/carlakrieger.com.br\/index.php?rest_route=\/wp\/v2\/media\/1802"}],"wp:attachment":[{"href":"https:\/\/carlakrieger.com.br\/index.php?rest_route=%2Fwp%2Fv2%2Fmedia&parent=1801"}],"wp:term":[{"taxonomy":"category","embeddable":true,"href":"https:\/\/carlakrieger.com.br\/index.php?rest_route=%2Fwp%2Fv2%2Fcategories&post=1801"},{"taxonomy":"post_tag","embeddable":true,"href":"https:\/\/carlakrieger.com.br\/index.php?rest_route=%2Fwp%2Fv2%2Ftags&post=1801"}],"curies":[{"name":"wp","href":"https:\/\/api.w.org\/{rel}","templated":true}]}}