{"id":1791,"date":"2021-11-15T21:42:20","date_gmt":"2021-11-16T00:42:20","guid":{"rendered":"https:\/\/carlakrieger.com.br\/?p=1791"},"modified":"2021-11-15T21:42:20","modified_gmt":"2021-11-16T00:42:20","slug":"semana-agil-da-mentoria","status":"publish","type":"post","link":"https:\/\/carlakrieger.com.br\/?p=1791","title":{"rendered":"Semana \u00c1gil DA- Mentoria"},"content":{"rendered":"<p>Hoje inicia a samana \u00e1gil da <a href=\"https:\/\/www.linkedin.com\/company\/hiflex-group\/\">Hiflex<\/a>, onde estarei compartilhando minha experi\u00eancia<\/p>\n<p>\ud83d\uddd3 Os encontros ser\u00e3o de 16 a 19 de novembro, \u00e0s 19h pelo Zoom \ud83c\udfa5.<\/p>\n<p>\ud83d\udcdd Para receber o link e participar dos encontros, \u00e9 necess\u00e1rio se inscrever pelo link abaixo!<\/p>\n<p><a href=\"https:\/\/lnkd.in\/d3jnPW2E\" data-attribute-index=\"30\">https:\/\/lnkd.in\/d3jnPW2E<\/a><\/p>\n<p>Lembrando que, os encontros ficar\u00e3o gravados APENAS PARA OS INSCRITOS!<\/p>\n<p>E n\u00e3o se esque\u00e7a de chamar um amigo, afinal, tudo o que \u00e9 bom a gente compartilha.<\/p>\n","protected":false},"excerpt":{"rendered":"<p>Hoje inicia a samana \u00e1gil da Hiflex, onde estarei compartilhando minha experi\u00eancia \ud83d\uddd3 Os encontros ser\u00e3o de 16 a 19 de novembro, \u00e0s 19h pelo Zoom \ud83c\udfa5. \ud83d\udcdd Para receber o link e participar dos encontros, \u00e9 necess\u00e1rio se inscrever pelo link abaixo! https:\/\/lnkd.in\/d3jnPW2E Lembrando que, os encontros ficar\u00e3o gravados APENAS PARA OS INSCRITOS! E [&hellip;]<\/p>\n","protected":false},"author":1,"featured_media":1792,"comment_status":"open","ping_status":"open","sticky":false,"template":"","format":"standard","meta":[],"categories":[83],"tags":[],"_links":{"self":[{"href":"https:\/\/carlakrieger.com.br\/index.php?rest_route=\/wp\/v2\/posts\/1791"}],"collection":[{"href":"https:\/\/carlakrieger.com.br\/index.php?rest_route=\/wp\/v2\/posts"}],"about":[{"href":"https:\/\/carlakrieger.com.br\/index.php?rest_route=\/wp\/v2\/types\/post"}],"author":[{"embeddable":true,"href":"https:\/\/carlakrieger.com.br\/index.php?rest_route=\/wp\/v2\/users\/1"}],"replies":[{"embeddable":true,"href":"https:\/\/carlakrieger.com.br\/index.php?rest_route=%2Fwp%2Fv2%2Fcomments&post=1791"}],"version-history":[{"count":1,"href":"https:\/\/carlakrieger.com.br\/index.php?rest_route=\/wp\/v2\/posts\/1791\/revisions"}],"predecessor-version":[{"id":1793,"href":"https:\/\/carlakrieger.com.br\/index.php?rest_route=\/wp\/v2\/posts\/1791\/revisions\/1793"}],"wp:featuredmedia":[{"embeddable":true,"href":"https:\/\/carlakrieger.com.br\/index.php?rest_route=\/wp\/v2\/media\/1792"}],"wp:attachment":[{"href":"https:\/\/carlakrieger.com.br\/index.php?rest_route=%2Fwp%2Fv2%2Fmedia&parent=1791"}],"wp:term":[{"taxonomy":"category","embeddable":true,"href":"https:\/\/carlakrieger.com.br\/index.php?rest_route=%2Fwp%2Fv2%2Fcategories&post=1791"},{"taxonomy":"post_tag","embeddable":true,"href":"https:\/\/carlakrieger.com.br\/index.php?rest_route=%2Fwp%2Fv2%2Ftags&post=1791"}],"curies":[{"name":"wp","href":"https:\/\/api.w.org\/{rel}","templated":true}]}}