{"id":1745,"date":"2021-09-17T08:13:31","date_gmt":"2021-09-17T11:13:31","guid":{"rendered":"https:\/\/carlakrieger.com.br\/?p=1745"},"modified":"2021-09-17T08:13:31","modified_gmt":"2021-09-17T11:13:31","slug":"participacao-no-conagile","status":"publish","type":"post","link":"https:\/\/carlakrieger.com.br\/?p=1745","title":{"rendered":"Participa\u00e7\u00e3o no ConAgile !"},"content":{"rendered":"<div id=\"1612451301350\" class=\"sitebuilder-element-container slow none animated\" data-v-1fa2b308=\"\" data-v-76a44fb9=\"\" data-tag=\"h3\">\n<div data-v-1fa2b308=\"\"><\/div>\n<\/div>\n<div id=\"1612451304708\" class=\"sitebuilder-element-container slow none animated\" data-v-1fa2b308=\"\" data-v-76a44fb9=\"\" data-tag=\"p\">\n<div data-v-1fa2b308=\"\">\n<div>O 3\u00ba Congresso ConAgile (Congresso Nacional de Agilidade) acontecer\u00e1\u00a0entre os dias 16 e\u00a019 de novembro de 2021\u00a0(das 09:00h \u00e0s 22:00h) e contar\u00e1\u00a0com mais de + de 30\u00a0palestrantes da \u00e1rea.\n<\/div>\n<div>O evento ser\u00e1 realizado ao vivo e 100% online dentro de uma plataforma exclusiva e ap\u00f3s cada palestra\u00a0os participantes poder\u00e3o fazer perguntas aos palestrantes atrav\u00e9s do CHAT ao vivo.<\/div>\n<\/div>\n<\/div>\n<div><\/div>\n<div>Estarei com a palestra &#8220;Gest\u00e3o de value stream, otimizando a entrega de valor!!!!<\/div>\n<div><\/div>\n<div>Saiba mais, clicando <a href=\"https:\/\/conagile.com.br\/2021\">aqui<\/a>!<\/div>\n<div><\/div>\n<div>Espero por voc\u00ea !<\/div>\n<div><\/div>\n<div><\/div>\n","protected":false},"excerpt":{"rendered":"<p>O 3\u00ba Congresso ConAgile (Congresso Nacional de Agilidade) acontecer\u00e1\u00a0entre os dias 16 e\u00a019 de novembro de 2021\u00a0(das 09:00h \u00e0s 22:00h) e contar\u00e1\u00a0com mais de + de 30\u00a0palestrantes da \u00e1rea. O evento ser\u00e1 realizado ao vivo e 100% online dentro de uma plataforma exclusiva e ap\u00f3s cada palestra\u00a0os participantes poder\u00e3o fazer perguntas aos palestrantes atrav\u00e9s do [&hellip;]<\/p>\n","protected":false},"author":1,"featured_media":1746,"comment_status":"open","ping_status":"open","sticky":false,"template":"","format":"standard","meta":[],"categories":[83],"tags":[],"_links":{"self":[{"href":"https:\/\/carlakrieger.com.br\/index.php?rest_route=\/wp\/v2\/posts\/1745"}],"collection":[{"href":"https:\/\/carlakrieger.com.br\/index.php?rest_route=\/wp\/v2\/posts"}],"about":[{"href":"https:\/\/carlakrieger.com.br\/index.php?rest_route=\/wp\/v2\/types\/post"}],"author":[{"embeddable":true,"href":"https:\/\/carlakrieger.com.br\/index.php?rest_route=\/wp\/v2\/users\/1"}],"replies":[{"embeddable":true,"href":"https:\/\/carlakrieger.com.br\/index.php?rest_route=%2Fwp%2Fv2%2Fcomments&post=1745"}],"version-history":[{"count":1,"href":"https:\/\/carlakrieger.com.br\/index.php?rest_route=\/wp\/v2\/posts\/1745\/revisions"}],"predecessor-version":[{"id":1747,"href":"https:\/\/carlakrieger.com.br\/index.php?rest_route=\/wp\/v2\/posts\/1745\/revisions\/1747"}],"wp:featuredmedia":[{"embeddable":true,"href":"https:\/\/carlakrieger.com.br\/index.php?rest_route=\/wp\/v2\/media\/1746"}],"wp:attachment":[{"href":"https:\/\/carlakrieger.com.br\/index.php?rest_route=%2Fwp%2Fv2%2Fmedia&parent=1745"}],"wp:term":[{"taxonomy":"category","embeddable":true,"href":"https:\/\/carlakrieger.com.br\/index.php?rest_route=%2Fwp%2Fv2%2Fcategories&post=1745"},{"taxonomy":"post_tag","embeddable":true,"href":"https:\/\/carlakrieger.com.br\/index.php?rest_route=%2Fwp%2Fv2%2Ftags&post=1745"}],"curies":[{"name":"wp","href":"https:\/\/api.w.org\/{rel}","templated":true}]}}