{"id":1716,"date":"2021-08-22T21:00:41","date_gmt":"2021-08-23T00:00:41","guid":{"rendered":"https:\/\/carlakrieger.com.br\/?p=1716"},"modified":"2021-08-22T21:00:41","modified_gmt":"2021-08-23T00:00:41","slug":"mentalidade-agil-principios-por-tras-do-manifesto-agil","status":"publish","type":"post","link":"https:\/\/carlakrieger.com.br\/?p=1716","title":{"rendered":"Mentalidade \u00c1gil &#8211; Princ\u00edpios por tr\u00e1s do Manifesto \u00c1gil"},"content":{"rendered":"<p>Temos hoje uma gama imensa de alternativas quando pensamos em frameworks e m\u00e9todos \u00e1geis para trabalharmos com os times nas nossas empresas.<\/p>\n<div class=\"slate-resizable-image-embed slate-image-embed__resize-full-width\"><img src=\"https:\/\/media-exp1.licdn.com\/dms\/image\/C4E12AQH7SY1rCMIjqA\/article-inline_image-shrink_1000_1488\/0\/1587518511102?e=1635379200&amp;v=beta&amp;t=_n0nSYEwso7uhTrK9HWRdzpqc16dS-YjI9CAKhVmd60\" alt=\"No alt text provided for this image\" data-media-urn=\"\" data-li-src=\"https:\/\/media-exp1.licdn.com\/dms\/image\/C4E12AQH7SY1rCMIjqA\/article-inline_image-shrink_1000_1488\/0\/1587518511102?e=1635379200&amp;v=beta&amp;t=_n0nSYEwso7uhTrK9HWRdzpqc16dS-YjI9CAKhVmd60\" \/><\/div>\n<p>&nbsp;<\/p>\n<p>E muitas vezes os profissionais se perdem na discuss\u00e3o sobre melhores m\u00e9todos, esquecendo que, mais importante que a ado\u00e7\u00e3o de um deles ou a escolha de ferramentas, \u00e9 a organiza\u00e7\u00e3o adotar uma mentalidade \u00e1gil (<em>Agile Mindset<\/em>), pautada no manifesto \u00e1gil.<\/p>\n<p>O manifesto \u00e1gil surgiu de uma necessidade de entrega de software de forma mais eficaz e com maior qualidade, tendo empatia e entendendo melhor as necessidades dos clientes. Com o passar do tempo a necessidade de maior agilidade expandiu para outras \u00e1reas das empresas que hoje buscam uma agilidade nos neg\u00f3cios (<em>Business Agility<\/em>).<\/p>\n<p>Esse cen\u00e1rio levou a uma evolu\u00e7\u00e3o ao qual chamamos de mentalidade \u00e1gil. Assunto que vou abordar nesse artigo.<\/p>\n<p>Come\u00e7ando com o\u00a0<a href=\"https:\/\/www.disciplinedagileconsortium.org\/\" target=\"_blank\" rel=\"nofollow noopener\">DA &#8211; Disciplined Agile<\/a>, que \u00e9 um kit de ferramentas de decis\u00e3o de processo que fornece orienta\u00e7\u00e3o direta para ajudar pessoas, equipes e organiza\u00e7\u00f5es a otimizar seus processos de maneira sens\u00edvel ao contexto. Fornece uma base s\u00f3lida para a agilidade dos neg\u00f3cios, mostrando como as v\u00e1rias atividades, como Entrega de Solu\u00e7\u00f5es (desenvolvimento de software), Opera\u00e7\u00f5es de TI, Arquitetura Corporativa, Gerenciamento de Portf\u00f3lio, Seguran\u00e7a, Finan\u00e7as, Compras e muitas outras.<\/p>\n<p>Quando se trata do manifesto \u00e1gil, o DA apresenta uma extens\u00e3o, trazendo m\u00faltiplas perspectivas na constru\u00e7\u00e3o de uma solu\u00e7\u00e3o. indo al\u00e9m da vis\u00e3o do cliente, mas das pessoas diretamente envolvidas e\/ou impactadas por ela.\u00a0Al\u00e9m disso, nos traz a reflex\u00e3o de que n\u00e3o basta a solu\u00e7\u00e3o estar funcional, ela precisa ter atratividade, levando o cliente a consumi-la de fato. Outro ponto de destaque \u00e9 a de termos transpar\u00eancia em toda a cadeias de comunica\u00e7\u00e3o envolvida em uma iniciativa \u00e1gil.<\/p>\n<p style=\"text-align: center;\"><strong>Manifesto \u00c1gil<\/strong><\/p>\n<div class=\"slate-resizable-image-embed slate-image-embed__resize-full-width\"><img class=\"aligncenter\" src=\"https:\/\/media-exp1.licdn.com\/dms\/image\/C4E12AQHqTL6jqtdS4g\/article-inline_image-shrink_1000_1488\/0\/1587518807199?e=1635379200&amp;v=beta&amp;t=Fkgo8GEMLsoPi4oUgKtqlK-EtALkVGC8v7VU-VZLFD8\" alt=\"No alt text provided for this image\" data-media-urn=\"\" data-li-src=\"https:\/\/media-exp1.licdn.com\/dms\/image\/C4E12AQHqTL6jqtdS4g\/article-inline_image-shrink_1000_1488\/0\/1587518807199?e=1635379200&amp;v=beta&amp;t=Fkgo8GEMLsoPi4oUgKtqlK-EtALkVGC8v7VU-VZLFD8\" \/><\/div>\n<p style=\"text-align: center;\"><strong>Princ\u00edpios por tr\u00e1s do Manifesto<\/strong><\/p>\n<div class=\"slate-resizable-image-embed slate-image-embed__resize-full-width\"><img class=\"aligncenter\" src=\"https:\/\/media-exp1.licdn.com\/dms\/image\/C4E12AQFnKWOvwJHFQg\/article-inline_image-shrink_1500_2232\/0\/1587518846722?e=1635379200&amp;v=beta&amp;t=9g27vLxvqIDoum9XMg6yEZLMclPDvglS3fpZkkeDZpI\" alt=\"No alt text provided for this image\" data-media-urn=\"\" data-li-src=\"https:\/\/media-exp1.licdn.com\/dms\/image\/C4E12AQFnKWOvwJHFQg\/article-inline_image-shrink_1500_2232\/0\/1587518846722?e=1635379200&amp;v=beta&amp;t=9g27vLxvqIDoum9XMg6yEZLMclPDvglS3fpZkkeDZpI\" \/><\/div>\n<p>&nbsp;<\/p>\n<p>Existe uma varia\u00e7\u00e3o do posicionamento do\u00a0<a href=\"https:\/\/www.scaledagile.com\/\" target=\"_blank\" rel=\"nofollow noopener\">SAFe<\/a>\u00a0em rela\u00e7\u00e3o ao DA, quando se trata dos princ\u00edpio por tr\u00e1s do manifesto \u00e1gil, onde o primeiro preserva os princ\u00edpios originais, complementado com os princ\u00edpios do seu framework, enquanto o DA faz uma evolu\u00e7\u00e3o em alguns dos princ\u00edpios do manifesto, adicionando outros novos.<\/p>\n<p>Independente da abordagem, ambos buscam mostrar a necessidade de uma comunica\u00e7\u00e3o mais transparente, trabalho colaborativo, empatia com os stakeholders e entrega de valor ao cliente. Base para uma otimiza\u00e7\u00e3o de fluxo de trabalho, levando a entregas mais cedo e frequentes de valor ao cliente.<\/p>\n<p>Com rela\u00e7\u00e3o aos princ\u00edpios do SAFe e do DA, eles tem perspectivas diferentes. Enquanto o SAFe apresenta um formato mais prescritivo, aderente ao seu prop\u00f3sito, o DA foca em pontos mais abrangentes, uma vez que em seu kit fornece ferramentas que ajudam os times envolvidos na jornada \u00e1gil a decidirem o m\u00e9todo e ferramenta que tem mais\u00a0<em>fit<\/em>\u00a0com a cultura da organiza\u00e7\u00e3o e o desafio a ser trabalhado.\u00a0Importante destacar que, para determinados contextos, o DA sugere a ado\u00e7\u00e3o do SAFe, uma vez que esse \u00e9 uma alternativa de framework para as organiza\u00e7\u00f5es que trabalham com m\u00faltiplos times para a entrega de solu\u00e7\u00f5es.<\/p>\n<div class=\"slate-resizable-image-embed slate-image-embed__resize-full-width\"><img class=\"aligncenter\" src=\"https:\/\/media-exp1.licdn.com\/dms\/image\/C4E12AQH3rCfFi7zP7w\/article-inline_image-shrink_1000_1488\/0\/1587518959827?e=1635379200&amp;v=beta&amp;t=j1xutyzHHkSVKUviA9CV7mOJ9EFJy0rP4htZVkr8PYc\" alt=\"No alt text provided for this image\" data-media-urn=\"\" data-li-src=\"https:\/\/media-exp1.licdn.com\/dms\/image\/C4E12AQH3rCfFi7zP7w\/article-inline_image-shrink_1000_1488\/0\/1587518959827?e=1635379200&amp;v=beta&amp;t=j1xutyzHHkSVKUviA9CV7mOJ9EFJy0rP4htZVkr8PYc\" \/><\/div>\n<p>O SAFe tamb\u00e9m apresenta um modelo de mentalidade \u00e1gil atrav\u00e9s do\u00a0<em>SAFe House of Lean<\/em>.<\/p>\n<div class=\"slate-resizable-image-embed slate-image-embed__resize-full-width\"><img class=\"aligncenter\" src=\"https:\/\/media-exp1.licdn.com\/dms\/image\/C4E12AQFrgfV8H6WbQA\/article-inline_image-shrink_1000_1488\/0\/1587519043049?e=1635379200&amp;v=beta&amp;t=qNVlJ1JDhPXwV50OrUOE5CWQyksNcELCsvX-gHit6NU\" alt=\"No alt text provided for this image\" data-media-urn=\"\" data-li-src=\"https:\/\/media-exp1.licdn.com\/dms\/image\/C4E12AQFrgfV8H6WbQA\/article-inline_image-shrink_1000_1488\/0\/1587519043049?e=1635379200&amp;v=beta&amp;t=qNVlJ1JDhPXwV50OrUOE5CWQyksNcELCsvX-gHit6NU\" \/><\/div>\n<p>&nbsp;<\/p>\n<p>Assunto que aprofundo no artigo Lean-<a href=\"https:\/\/www.linkedin.com\/pulse\/len-agile-mindset-base-para-toda-organiza%C3%A7%C3%A3o-carla-krieger\/\" target=\"_blank\" rel=\"noopener\">Agile Mindset: A base de tora Organiza\u00e7\u00e3o<\/a>\u00a0.<\/p>\n<p>Por outro lado, o DA lan\u00e7ou uma atualiza\u00e7\u00e3o sobre o <a href=\"https:\/\/www.projectmanagement.com\/blog-post\/63638\/Evolving-Disciplined-Agile--The-DA-Mindset\" target=\"_blank\" rel=\"nofollow noopener\"><em>DA mindset<\/em><\/a>, focando nos princ\u00edpios que acreditamos, promessas que fazemos e guias para seguirmos em uma jornada \u00e1gil.<\/p>\n<div class=\"slate-resizable-image-embed slate-image-embed__resize-full-width\"><img class=\"aligncenter\" src=\"https:\/\/media-exp1.licdn.com\/dms\/image\/C4E12AQH3iMuyYBZYBg\/article-inline_image-shrink_1000_1488\/0\/1587519122123?e=1635379200&amp;v=beta&amp;t=2FSOcIinj-uXEZKi2bpX48LEe77kMFr6rUTWA_dE-Gk\" alt=\"No alt text provided for this image\" data-media-urn=\"\" data-li-src=\"https:\/\/media-exp1.licdn.com\/dms\/image\/C4E12AQH3iMuyYBZYBg\/article-inline_image-shrink_1000_1488\/0\/1587519122123?e=1635379200&amp;v=beta&amp;t=2FSOcIinj-uXEZKi2bpX48LEe77kMFr6rUTWA_dE-Gk\" \/><\/div>\n<p>&nbsp;<\/p>\n<p>Todo esse movimento deixa cada vez mais claro que trabalhar a forma de pensar e agir \u00e9 o que de fato faz a diferen\u00e7a no desafio de uma jornada de transforma\u00e7\u00e3o \u00e1gil.<\/p>\n<p>Antes de buscarmos m\u00e9todos ou ferramentas, devemos ter os princ\u00edpios \u00e1geis muito claros e incorporados nos nossos comportamentos e atitudes, al\u00e9m de conhecermos o DNA da empresa e as oportunidades de desenvolvimento de\u00a0<em>soft skills,<\/em>\u00a0buscando um\u00a0<em>fit<\/em>\u00a0cultural que viabilize a mudan\u00e7a.<\/p>\n<p>Artigo original: <a href=\"https:\/\/www.linkedin.com\/pulse\/mentalidade-%C3%A1gil-princ%C3%ADpios-por-tr%C3%A1s-do-manifesto-carla-krieger\/\">https:\/\/www.linkedin.com\/pulse\/mentalidade-%C3%A1gil-princ%C3%ADpios-por-tr%C3%A1s-do-manifesto-carla-krieger\/<\/a><\/p>\n","protected":false},"excerpt":{"rendered":"<p>Temos hoje uma gama imensa de alternativas quando pensamos em frameworks e m\u00e9todos \u00e1geis para trabalharmos com os times nas nossas empresas. &nbsp; E muitas vezes os profissionais se perdem na discuss\u00e3o sobre melhores m\u00e9todos, esquecendo que, mais importante que a ado\u00e7\u00e3o de um deles ou a escolha de ferramentas, \u00e9 a organiza\u00e7\u00e3o adotar uma [&hellip;]<\/p>\n","protected":false},"author":1,"featured_media":1717,"comment_status":"open","ping_status":"open","sticky":false,"template":"","format":"standard","meta":[],"categories":[1],"tags":[],"_links":{"self":[{"href":"https:\/\/carlakrieger.com.br\/index.php?rest_route=\/wp\/v2\/posts\/1716"}],"collection":[{"href":"https:\/\/carlakrieger.com.br\/index.php?rest_route=\/wp\/v2\/posts"}],"about":[{"href":"https:\/\/carlakrieger.com.br\/index.php?rest_route=\/wp\/v2\/types\/post"}],"author":[{"embeddable":true,"href":"https:\/\/carlakrieger.com.br\/index.php?rest_route=\/wp\/v2\/users\/1"}],"replies":[{"embeddable":true,"href":"https:\/\/carlakrieger.com.br\/index.php?rest_route=%2Fwp%2Fv2%2Fcomments&post=1716"}],"version-history":[{"count":2,"href":"https:\/\/carlakrieger.com.br\/index.php?rest_route=\/wp\/v2\/posts\/1716\/revisions"}],"predecessor-version":[{"id":1719,"href":"https:\/\/carlakrieger.com.br\/index.php?rest_route=\/wp\/v2\/posts\/1716\/revisions\/1719"}],"wp:featuredmedia":[{"embeddable":true,"href":"https:\/\/carlakrieger.com.br\/index.php?rest_route=\/wp\/v2\/media\/1717"}],"wp:attachment":[{"href":"https:\/\/carlakrieger.com.br\/index.php?rest_route=%2Fwp%2Fv2%2Fmedia&parent=1716"}],"wp:term":[{"taxonomy":"category","embeddable":true,"href":"https:\/\/carlakrieger.com.br\/index.php?rest_route=%2Fwp%2Fv2%2Fcategories&post=1716"},{"taxonomy":"post_tag","embeddable":true,"href":"https:\/\/carlakrieger.com.br\/index.php?rest_route=%2Fwp%2Fv2%2Ftags&post=1716"}],"curies":[{"name":"wp","href":"https:\/\/api.w.org\/{rel}","templated":true}]}}