{"id":1645,"date":"2021-06-27T18:11:07","date_gmt":"2021-06-27T21:11:07","guid":{"rendered":"https:\/\/carlakrieger.com.br\/?p=1645"},"modified":"2021-06-27T20:23:37","modified_gmt":"2021-06-27T23:23:37","slug":"o-2o-summit-da-jornada-colaborativa-foi-incrivel","status":"publish","type":"post","link":"https:\/\/carlakrieger.com.br\/?p=1645","title":{"rendered":"O 2o Summit da Jornada Colaborativa foi Incr\u00edvel !"},"content":{"rendered":"<p>Resultado do Summit da <a href=\"https:\/\/jornadacolaborativa.com.br\/\">Jornada Colaborativa<\/a> dias 25 e 26\/06.<br \/>\nArrecadamos R$ 50mil \ud83d\udcb0 e 1 Tonelada de alimentos.<br \/>\nInstitui\u00e7\u00f5es beneficiadas:<br \/>\nCASA MAM\u00c3E MARGARIDA<br \/>\nAtende meninas em situa\u00e7\u00e3o de vulnerabilidade;<br \/>\nO PEQUENO NAZAR\u00c9<br \/>\nDesenvolve projetos com o objetivo de estimular as habilidades dos jovens atrav\u00e9s da cidadania;<br \/>\nCASA DO IDOSO S\u00c3O VICENTE DE PAULA<br \/>\nAbrigo de longa perman\u00eancia para idosos;<br \/>\nJUSTI\u00c7A E MISERIC\u00d3RDIA AMAZON<br \/>\nUma organiza\u00e7\u00e3o Crist\u00e3 sem fins lucrativos que existe para ensinar, capacitar, encorajar e dar assist\u00eancia aos ribeirinhos.<br \/>\nAgradecemos a todos os envolvidos que de alguma forma, seja a divulga\u00e7\u00e3o de um post, um coment\u00e1rio, uma curtida ou o trabalho direto como palestrante\/moderador\/apoiador\/busca ou indica\u00e7\u00e3o de patroc\u00ednio, colaborou para que fosse poss\u00edvel chegar a esse resultado!<\/p>\n<p>Al\u00e9m de impactarmos vidas no Brasil, nesse summit selamos a parceria com a comunidade Global <a href=\"https:\/\/access-agile.org\/\">Access Agile<\/a>, onde juntos iremos muito al\u00e9m, unindo for\u00e7as em busca da diversidade, inclus\u00e3o e equidade ! Saiba mais assistindo a esse <a href=\"https:\/\/carlakrieger.com.br\/wp-content\/uploads\/2021\/06\/Grace-BA.mp4\">video<\/a>!<\/p>\n<p>GRATID\u00c3O.<\/p>\n","protected":false},"excerpt":{"rendered":"<p>Resultado do Summit da Jornada Colaborativa dias 25 e 26\/06. Arrecadamos R$ 50mil \ud83d\udcb0 e 1 Tonelada de alimentos. Institui\u00e7\u00f5es beneficiadas: CASA MAM\u00c3E MARGARIDA Atende meninas em situa\u00e7\u00e3o de vulnerabilidade; O PEQUENO NAZAR\u00c9 Desenvolve projetos com o objetivo de estimular as habilidades dos jovens atrav\u00e9s da cidadania; CASA DO IDOSO S\u00c3O VICENTE DE PAULA Abrigo [&hellip;]<\/p>\n","protected":false},"author":1,"featured_media":1684,"comment_status":"open","ping_status":"open","sticky":false,"template":"","format":"standard","meta":[],"categories":[83],"tags":[],"_links":{"self":[{"href":"https:\/\/carlakrieger.com.br\/index.php?rest_route=\/wp\/v2\/posts\/1645"}],"collection":[{"href":"https:\/\/carlakrieger.com.br\/index.php?rest_route=\/wp\/v2\/posts"}],"about":[{"href":"https:\/\/carlakrieger.com.br\/index.php?rest_route=\/wp\/v2\/types\/post"}],"author":[{"embeddable":true,"href":"https:\/\/carlakrieger.com.br\/index.php?rest_route=\/wp\/v2\/users\/1"}],"replies":[{"embeddable":true,"href":"https:\/\/carlakrieger.com.br\/index.php?rest_route=%2Fwp%2Fv2%2Fcomments&post=1645"}],"version-history":[{"count":3,"href":"https:\/\/carlakrieger.com.br\/index.php?rest_route=\/wp\/v2\/posts\/1645\/revisions"}],"predecessor-version":[{"id":1685,"href":"https:\/\/carlakrieger.com.br\/index.php?rest_route=\/wp\/v2\/posts\/1645\/revisions\/1685"}],"wp:featuredmedia":[{"embeddable":true,"href":"https:\/\/carlakrieger.com.br\/index.php?rest_route=\/wp\/v2\/media\/1684"}],"wp:attachment":[{"href":"https:\/\/carlakrieger.com.br\/index.php?rest_route=%2Fwp%2Fv2%2Fmedia&parent=1645"}],"wp:term":[{"taxonomy":"category","embeddable":true,"href":"https:\/\/carlakrieger.com.br\/index.php?rest_route=%2Fwp%2Fv2%2Fcategories&post=1645"},{"taxonomy":"post_tag","embeddable":true,"href":"https:\/\/carlakrieger.com.br\/index.php?rest_route=%2Fwp%2Fv2%2Ftags&post=1645"}],"curies":[{"name":"wp","href":"https:\/\/api.w.org\/{rel}","templated":true}]}}