{"id":1630,"date":"2021-06-01T09:56:24","date_gmt":"2021-06-01T12:56:24","guid":{"rendered":"https:\/\/carlakrieger.com.br\/?p=1630"},"modified":"2021-06-01T09:56:24","modified_gmt":"2021-06-01T12:56:24","slug":"time-dev-muito-mais-do-que-codigo","status":"publish","type":"post","link":"https:\/\/carlakrieger.com.br\/?p=1630","title":{"rendered":"TIME DEV Muito mais do que c\u00f3digo"},"content":{"rendered":"<p>Ontem foi o lan\u00e7amento de mais um livro colaborativo, que tive a honra em participar a convite do grande amigo Victor Cardoso.<\/p>\n<p>Esse livro nasceu de times de dev, da Jornada Coorporativa da Globo, para devs, mas vai muito al\u00e9m de c\u00f3digo, trazendo temas como Lideran\u00e7a Situacional e Comunica\u00e7\u00e3o.<\/p>\n<p>Ficou top !!!<\/p>\n<p>Est\u00e1 dispon\u00edvel em vers\u00f5es eBook e impressa. Adquira o seu exemplar <a href=\"https:\/\/clubedeautores.com.br\/livro\/timedev-muito-mais-do-que-codigo\">aqui<\/a>.<\/p>\n","protected":false},"excerpt":{"rendered":"<p>Ontem foi o lan\u00e7amento de mais um livro colaborativo, que tive a honra em participar a convite do grande amigo Victor Cardoso. Esse livro nasceu de times de dev, da Jornada Coorporativa da Globo, para devs, mas vai muito al\u00e9m de c\u00f3digo, trazendo temas como Lideran\u00e7a Situacional e Comunica\u00e7\u00e3o. Ficou top !!! Est\u00e1 dispon\u00edvel em [&hellip;]<\/p>\n","protected":false},"author":1,"featured_media":1631,"comment_status":"open","ping_status":"open","sticky":false,"template":"","format":"standard","meta":[],"categories":[83],"tags":[],"_links":{"self":[{"href":"https:\/\/carlakrieger.com.br\/index.php?rest_route=\/wp\/v2\/posts\/1630"}],"collection":[{"href":"https:\/\/carlakrieger.com.br\/index.php?rest_route=\/wp\/v2\/posts"}],"about":[{"href":"https:\/\/carlakrieger.com.br\/index.php?rest_route=\/wp\/v2\/types\/post"}],"author":[{"embeddable":true,"href":"https:\/\/carlakrieger.com.br\/index.php?rest_route=\/wp\/v2\/users\/1"}],"replies":[{"embeddable":true,"href":"https:\/\/carlakrieger.com.br\/index.php?rest_route=%2Fwp%2Fv2%2Fcomments&post=1630"}],"version-history":[{"count":1,"href":"https:\/\/carlakrieger.com.br\/index.php?rest_route=\/wp\/v2\/posts\/1630\/revisions"}],"predecessor-version":[{"id":1632,"href":"https:\/\/carlakrieger.com.br\/index.php?rest_route=\/wp\/v2\/posts\/1630\/revisions\/1632"}],"wp:featuredmedia":[{"embeddable":true,"href":"https:\/\/carlakrieger.com.br\/index.php?rest_route=\/wp\/v2\/media\/1631"}],"wp:attachment":[{"href":"https:\/\/carlakrieger.com.br\/index.php?rest_route=%2Fwp%2Fv2%2Fmedia&parent=1630"}],"wp:term":[{"taxonomy":"category","embeddable":true,"href":"https:\/\/carlakrieger.com.br\/index.php?rest_route=%2Fwp%2Fv2%2Fcategories&post=1630"},{"taxonomy":"post_tag","embeddable":true,"href":"https:\/\/carlakrieger.com.br\/index.php?rest_route=%2Fwp%2Fv2%2Ftags&post=1630"}],"curies":[{"name":"wp","href":"https:\/\/api.w.org\/{rel}","templated":true}]}}