{"id":1627,"date":"2021-05-31T10:26:43","date_gmt":"2021-05-31T13:26:43","guid":{"rendered":"https:\/\/carlakrieger.com.br\/?p=1627"},"modified":"2021-05-31T10:26:43","modified_gmt":"2021-05-31T13:26:43","slug":"o-enterprise-agile-coach-alem-da-ti-com-o-disciplined-agile%ef%b8%8f","status":"publish","type":"post","link":"https:\/\/carlakrieger.com.br\/?p=1627","title":{"rendered":"O ENTERPRISE AGILE COACH AL\u00c9M DA TI COM O DISCIPLINED AGILE\u00ae\ufe0f"},"content":{"rendered":"<p>Estarei hoje na live NOITE \u00c1GIL da Digital Mode, com\u00a0 o grande amigo Marcelo Antonelli, com o tema O ENTERPRISE AGILE COACH AL\u00c9M DA TI COM O DISCIPLINED AGILE\u00ae\ufe0f. Iremos desmistificar a atua\u00e7\u00e3o de um Agile Coach nas camadas Enterprise e Value Stream do Disciplined Agile\u00ae\ufe0f, mostrando que n\u00e3o s\u00f3 dentro da TI vive este profissional.<\/p>\n<p>\ud83c\udd93 Venha conosco, \u00e9 gratuito atrav\u00e9s do canal da Digital Mode no Instagram &#8211; <a href=\"https:\/\/www.instagram.com\/digitalmodebrasil\/\">https:\/\/www.instagram.com\/digitalmodebrasil\/<\/a> &#8211;<\/p>\n<p>\ud83d\ude01 Por\u00e9m, se quiser ganhar um Certificado de Participa\u00e7\u00e3o, inscreva-se em <a href=\"https:\/\/lets.events\/e\/noite-agil-5-com-carla-krieger\/\">https:\/\/lets.events\/e\/noite-agil-5-com-carla-krieger\/<\/a><\/p>\n<p>\ud83d\uddd3 Quando ser\u00e1 ? 31\/05 &#8211; Segunda-Feira<br \/>\n\u23f0 Hor\u00e1rio: 19:30<\/p>\n","protected":false},"excerpt":{"rendered":"<p>Estarei hoje na live NOITE \u00c1GIL da Digital Mode, com\u00a0 o grande amigo Marcelo Antonelli, com o tema O ENTERPRISE AGILE COACH AL\u00c9M DA TI COM O DISCIPLINED AGILE\u00ae\ufe0f. Iremos desmistificar a atua\u00e7\u00e3o de um Agile Coach nas camadas Enterprise e Value Stream do Disciplined Agile\u00ae\ufe0f, mostrando que n\u00e3o s\u00f3 dentro da TI vive este [&hellip;]<\/p>\n","protected":false},"author":1,"featured_media":1628,"comment_status":"open","ping_status":"open","sticky":false,"template":"","format":"standard","meta":[],"categories":[83],"tags":[],"_links":{"self":[{"href":"https:\/\/carlakrieger.com.br\/index.php?rest_route=\/wp\/v2\/posts\/1627"}],"collection":[{"href":"https:\/\/carlakrieger.com.br\/index.php?rest_route=\/wp\/v2\/posts"}],"about":[{"href":"https:\/\/carlakrieger.com.br\/index.php?rest_route=\/wp\/v2\/types\/post"}],"author":[{"embeddable":true,"href":"https:\/\/carlakrieger.com.br\/index.php?rest_route=\/wp\/v2\/users\/1"}],"replies":[{"embeddable":true,"href":"https:\/\/carlakrieger.com.br\/index.php?rest_route=%2Fwp%2Fv2%2Fcomments&post=1627"}],"version-history":[{"count":1,"href":"https:\/\/carlakrieger.com.br\/index.php?rest_route=\/wp\/v2\/posts\/1627\/revisions"}],"predecessor-version":[{"id":1629,"href":"https:\/\/carlakrieger.com.br\/index.php?rest_route=\/wp\/v2\/posts\/1627\/revisions\/1629"}],"wp:featuredmedia":[{"embeddable":true,"href":"https:\/\/carlakrieger.com.br\/index.php?rest_route=\/wp\/v2\/media\/1628"}],"wp:attachment":[{"href":"https:\/\/carlakrieger.com.br\/index.php?rest_route=%2Fwp%2Fv2%2Fmedia&parent=1627"}],"wp:term":[{"taxonomy":"category","embeddable":true,"href":"https:\/\/carlakrieger.com.br\/index.php?rest_route=%2Fwp%2Fv2%2Fcategories&post=1627"},{"taxonomy":"post_tag","embeddable":true,"href":"https:\/\/carlakrieger.com.br\/index.php?rest_route=%2Fwp%2Fv2%2Ftags&post=1627"}],"curies":[{"name":"wp","href":"https:\/\/api.w.org\/{rel}","templated":true}]}}