{"id":1513,"date":"2021-04-11T18:43:58","date_gmt":"2021-04-11T18:43:58","guid":{"rendered":"https:\/\/carlakrieger.com.br\/?p=1513"},"modified":"2021-04-11T18:43:58","modified_gmt":"2021-04-11T18:43:58","slug":"live-otimismos","status":"publish","type":"post","link":"https:\/\/carlakrieger.com.br\/?p=1513","title":{"rendered":"Live &#8211; Otimismos"},"content":{"rendered":"<p>Est\u00e1 estreiando nova Live, que ser\u00e1 um encontro di\u00e1rio com grandes feras do mercado, sempre falando sobre uma atitude relevante.<\/p>\n<p>A estreia ser\u00e1 nessa segunda, \u00e0s 8h30, com transmiss\u00e3o para todas as nossas redes: LinkedIn, Facebook, YouTube e Instagram.<\/p>\n<p>Tive a honra de ser convidada para o primeiro epis\u00f3dio, dia 12\/04, para falar sobre uma das Atitude Colaborativa imprescind\u00edvel para os dias atuais, que \u00e9 o Otimismo !<\/p>\n<p>Estarei com meus amigos <a href=\"https:\/\/www.linkedin.com\/in\/rodriguesjunior\/\">Junior Rodrigues<\/a>, <a href=\"https:\/\/www.linkedin.com\/in\/ACoAAAGqGj8BCx1vMGg--qjpcAgAlLN9gn-skFc\" data-attribute-index=\"2\" data-entity-hovercard-id=\"urn:li:fs_miniProfile:ACoAAAGqGj8BCx1vMGg--qjpcAgAlLN9gn-skFc\" data-entity-type=\"MINI_PROFILE\">Antonio Muniz<\/a>\u00a0e\u00a0<a href=\"https:\/\/www.linkedin.com\/in\/ACoAAAknPnIB0avJ67F6-3oX7p2BxW_AhEPlI8E\" data-attribute-index=\"4\" data-entity-hovercard-id=\"urn:li:fs_miniProfile:ACoAAAknPnIB0avJ67F6-3oX7p2BxW_AhEPlI8E\" data-entity-type=\"MINI_PROFILE\">Jailson Barbosa<\/a>.<\/p>\n<p>Vem com a Gente!<\/p>\n","protected":false},"excerpt":{"rendered":"<p>Est\u00e1 estreiando nova Live, que ser\u00e1 um encontro di\u00e1rio com grandes feras do mercado, sempre falando sobre uma atitude relevante. A estreia ser\u00e1 nessa segunda, \u00e0s 8h30, com transmiss\u00e3o para todas as nossas redes: LinkedIn, Facebook, YouTube e Instagram. Tive a honra de ser convidada para o primeiro epis\u00f3dio, dia 12\/04, para falar sobre uma [&hellip;]<\/p>\n","protected":false},"author":1,"featured_media":1514,"comment_status":"open","ping_status":"open","sticky":false,"template":"","format":"standard","meta":[],"categories":[83],"tags":[],"_links":{"self":[{"href":"https:\/\/carlakrieger.com.br\/index.php?rest_route=\/wp\/v2\/posts\/1513"}],"collection":[{"href":"https:\/\/carlakrieger.com.br\/index.php?rest_route=\/wp\/v2\/posts"}],"about":[{"href":"https:\/\/carlakrieger.com.br\/index.php?rest_route=\/wp\/v2\/types\/post"}],"author":[{"embeddable":true,"href":"https:\/\/carlakrieger.com.br\/index.php?rest_route=\/wp\/v2\/users\/1"}],"replies":[{"embeddable":true,"href":"https:\/\/carlakrieger.com.br\/index.php?rest_route=%2Fwp%2Fv2%2Fcomments&post=1513"}],"version-history":[{"count":1,"href":"https:\/\/carlakrieger.com.br\/index.php?rest_route=\/wp\/v2\/posts\/1513\/revisions"}],"predecessor-version":[{"id":1515,"href":"https:\/\/carlakrieger.com.br\/index.php?rest_route=\/wp\/v2\/posts\/1513\/revisions\/1515"}],"wp:featuredmedia":[{"embeddable":true,"href":"https:\/\/carlakrieger.com.br\/index.php?rest_route=\/wp\/v2\/media\/1514"}],"wp:attachment":[{"href":"https:\/\/carlakrieger.com.br\/index.php?rest_route=%2Fwp%2Fv2%2Fmedia&parent=1513"}],"wp:term":[{"taxonomy":"category","embeddable":true,"href":"https:\/\/carlakrieger.com.br\/index.php?rest_route=%2Fwp%2Fv2%2Fcategories&post=1513"},{"taxonomy":"post_tag","embeddable":true,"href":"https:\/\/carlakrieger.com.br\/index.php?rest_route=%2Fwp%2Fv2%2Ftags&post=1513"}],"curies":[{"name":"wp","href":"https:\/\/api.w.org\/{rel}","templated":true}]}}