{"id":1485,"date":"2021-03-05T22:22:42","date_gmt":"2021-03-05T22:22:42","guid":{"rendered":"http:\/\/carlakrieger.com.br\/?p=1485"},"modified":"2021-04-10T18:35:12","modified_gmt":"2021-04-10T18:35:12","slug":"teste-noticia","status":"publish","type":"post","link":"https:\/\/carlakrieger.com.br\/?p=1485","title":{"rendered":"Lan\u00e7amento do Livro Jornada Business Agility"},"content":{"rendered":"<p>No dia 23\/03 foi lan\u00e7ado o livro Jornada Business Agility. Livro que tive a honra de liderar ao lado do Ant\u00f4nio Muniz e os Curadores: Tatiana Feitosa, Rodolfo Colares e Julieta S. Dienstmann, al\u00e9m do coatores super engajados!<\/p>\n<p>A cada livro da <a href=\"https:\/\/www.linkedin.com\/company\/jornadacolaborativa\/?lipi=urn%3Ali%3Apage%3Ad_flagship3_profile_view_base_recent_activity_details_shares%3B7NsGWUxpREib%2FKW9H%2BDucg%3D%3D\">Jornada Colaborativa<\/a> fazemos novos experimentos em busca da melhoria cont\u00ednua. Neste livro inovamos com os cases sendo disponibilizados em PodCasts da <a href=\"https:\/\/open.spotify.com\/show\/1Sm7bBExJJMXLFMBvCuuHp?si=8YFxZlB0ReOSlN0h1qNPVg\">Jornada Cast<\/a> e revis\u00e3o do MVP por 16 executivos refer\u00eancias em Agilidade, antes do lan\u00e7amento ao mercado. Este livro tamb\u00e9m ser\u00e1 o MVP dos livros a serem traduzidos para o ingl\u00eas!!!<\/p>\n<p>Link do livro na\u00a0<a href=\"https:\/\/www.linkedin.com\/in\/ACoAAAlsiEIBksyRKO9GH8Bm-RiiMaSSbBIwhqE\" data-attribute-index=\"2\" data-entity-hovercard-id=\"urn:li:fs_miniProfile:ACoAAAlsiEIBksyRKO9GH8Bm-RiiMaSSbBIwhqE\" data-entity-type=\"MINI_PROFILE\">Editora Brasport<\/a>\u00a0:\u00a0<a href=\"https:\/\/lnkd.in\/ePpddKG\" data-attribute-index=\"13\">https:\/\/lnkd.in\/ePpddKG<\/a><\/p>\n<p>&nbsp;<\/p>\n<p>&nbsp;<\/p>\n","protected":false},"excerpt":{"rendered":"<p>No dia 23\/03 foi lan\u00e7ado o livro Jornada Business Agility. Livro que tive a honra de liderar ao lado do Ant\u00f4nio Muniz e os Curadores: Tatiana Feitosa, Rodolfo Colares e Julieta S. Dienstmann, al\u00e9m do coatores super engajados! A cada livro da Jornada Colaborativa fazemos novos experimentos em busca da melhoria cont\u00ednua. Neste livro inovamos [&hellip;]<\/p>\n","protected":false},"author":1,"featured_media":1507,"comment_status":"open","ping_status":"open","sticky":false,"template":"","format":"standard","meta":[],"categories":[83],"tags":[],"_links":{"self":[{"href":"https:\/\/carlakrieger.com.br\/index.php?rest_route=\/wp\/v2\/posts\/1485"}],"collection":[{"href":"https:\/\/carlakrieger.com.br\/index.php?rest_route=\/wp\/v2\/posts"}],"about":[{"href":"https:\/\/carlakrieger.com.br\/index.php?rest_route=\/wp\/v2\/types\/post"}],"author":[{"embeddable":true,"href":"https:\/\/carlakrieger.com.br\/index.php?rest_route=\/wp\/v2\/users\/1"}],"replies":[{"embeddable":true,"href":"https:\/\/carlakrieger.com.br\/index.php?rest_route=%2Fwp%2Fv2%2Fcomments&post=1485"}],"version-history":[{"count":4,"href":"https:\/\/carlakrieger.com.br\/index.php?rest_route=\/wp\/v2\/posts\/1485\/revisions"}],"predecessor-version":[{"id":1506,"href":"https:\/\/carlakrieger.com.br\/index.php?rest_route=\/wp\/v2\/posts\/1485\/revisions\/1506"}],"wp:featuredmedia":[{"embeddable":true,"href":"https:\/\/carlakrieger.com.br\/index.php?rest_route=\/wp\/v2\/media\/1507"}],"wp:attachment":[{"href":"https:\/\/carlakrieger.com.br\/index.php?rest_route=%2Fwp%2Fv2%2Fmedia&parent=1485"}],"wp:term":[{"taxonomy":"category","embeddable":true,"href":"https:\/\/carlakrieger.com.br\/index.php?rest_route=%2Fwp%2Fv2%2Fcategories&post=1485"},{"taxonomy":"post_tag","embeddable":true,"href":"https:\/\/carlakrieger.com.br\/index.php?rest_route=%2Fwp%2Fv2%2Ftags&post=1485"}],"curies":[{"name":"wp","href":"https:\/\/api.w.org\/{rel}","templated":true}]}}