{"id":1440,"date":"2021-02-09T08:19:00","date_gmt":"2021-02-09T08:19:00","guid":{"rendered":"http:\/\/carlakrieger.com.br\/?p=1440"},"modified":"2021-02-09T08:19:00","modified_gmt":"2021-02-09T08:19:00","slug":"navegando-no-muvuca","status":"publish","type":"post","link":"https:\/\/carlakrieger.com.br\/?p=1440","title":{"rendered":"Navegando no MuVUCA"},"content":{"rendered":"<section class=\"article-body\" data-redirect-url=\"https:\/\/www.linkedin.com\/login?session_redirect=https%3A%2F%2Fpt%2Elinkedin%2Ecom%2Fpulse%2Fnavegando-muvuca-carla-krieger\">N\u00e3o \u00e9 nenhuma novidade que estamos vivendo em um Mundo VUCA (MuVUCA), onde empresas e pessoas est\u00e3o tendo que se reinventar para sobreviverem no mercado. Muitas empresas est\u00e3o desaparecendo enquanto outras est\u00e3o tendo um crescimento exponencial, surfando na Volatilidade, Incerteza, Complexidade e Ambiguidade do ambiente que estamos inseridos.<\/p>\n<p>O que faz com que algumas empresas se beneficiem desse MuVUCA?<\/p>\n<p>Vou abordar aqui alguns dos aspectos que tem sido o diferencial nesse desafio, come\u00e7ando com algumas perspectivas dos impactos que temos vividos.<\/p>\n<p><strong>MuVUCA na pespectiva Pessoal<\/strong><\/p>\n<div class=\"slate-resizable-image-embed slate-image-embed__resize-full-width\"><img class=\"lazy-loaded\" src=\"https:\/\/media-exp1.licdn.com\/dms\/image\/C4E12AQGpIk_c39FDRA\/article-inline_image-shrink_1000_1488\/0\/1552442672306?e=1618444800&amp;v=beta&amp;t=tTaMsVccPXYWIrzetyC8XCwnRaRqvGjW6IQSzHGyR74\" data-media-urn=\"\" \/><\/div>\n<p><strong>MuVUCA na pespectiva Econ\u00f4mica<\/strong><\/p>\n<div class=\"slate-resizable-image-embed slate-image-embed__resize-full-width\"><img class=\"lazy-loaded\" src=\"https:\/\/media-exp1.licdn.com\/dms\/image\/C4E12AQFLYtlCpJ5x-g\/article-inline_image-shrink_1000_1488\/0\/1552442688606?e=1618444800&amp;v=beta&amp;t=gQEjB_UI5MuLHhOHDdgXNZ1TYpbTNwTWZRMFDCcSigY\" data-media-urn=\"\" \/><\/div>\n<p>Dentro desse cen\u00e1rio, tem se percebido que as organiza\u00e7\u00f5es que tem se beneficiado s\u00e3o as que navegam muito bem nas tecnologias disruptivas e tem uma grande Agilidade Organizacional para reagirem as mudan\u00e7as.<\/p>\n<p><strong>Tecnologias Disruptivas<\/strong><\/p>\n<p>O termo VUCA surgiu na d\u00e9cada de 90 no ambiente militar., mas ganhou for\u00e7a nos dias atuais frente a alta velocidade em que as transforma\u00e7\u00f5es est\u00e3o acontecendo, muito sendo consequ\u00eancia das tecnologias disruptivas que est\u00e3o substituindo as tecnologias estabelecidas e abalando o mercado global<\/p>\n<p>As organiza\u00e7\u00f5es que est\u00e3o buscando estrat\u00e9gias, cuja as novas tecnologias tragam benef\u00edcios ao neg\u00f3cio, tem tido um crescimento e ganho acelerado. Grande parte da vantagem competitiva, em termos de tecnologia, est\u00e1 no investimento em IoT, IA e Cloud Computing<\/p>\n<p>No post \u201c<a href=\"https:\/\/www.linkedin.com\/pulse\/transforma%C3%A7%C3%A3o-digital-na-perspectiva-de-tecnologia-e-quest%C3%B5es-carla\/\" target=\"_blank\" rel=\"noopener\">Transforma\u00e7\u00e3o Digital na perspectiva de Tecnologia e quest\u00f5es t\u00e9cnicas de implanta\u00e7\u00e3o (Sentindo na pele)\u201d<\/a> abordo um pouco mais sobre esse assunto.<\/p>\n<p><strong>Agilidade Organizacional<\/strong><\/p>\n<p>Organiza\u00e7\u00f5es \u00e1geis &#8220;abra\u00e7am&#8221; mudan\u00e7as, movendo-se de forma r\u00e1pida, decisiva e eficazmente para antecipar, iniciar e aproveitar a mudan\u00e7a, mas permanecem robustas o suficiente para absorver quaisquer contratempos, mantendo sempre o foco no cliente<\/p>\n<p>Envolve fatores como cultura organizacional e valores da Organiza\u00e7\u00e3o.\u00a0No post \u201c<a href=\"https:\/\/www.linkedin.com\/pulse\/transforma%C3%A7%C3%A3o-%C3%A1gil-qual-o-caminho-carla-krieger\/\" target=\"_blank\" rel=\"noopener\">Transforma\u00e7\u00e3o \u00c1gil: Qual o Caminho?<\/a>\u201d falo sobre alguns dos modelos de escalonar Agilidade nas Organiza\u00e7\u00f5es X Cultura Organizacional.<\/p>\n<p>Para se ter uma agilidade organizacional temos que ir muito al\u00e9m de uma reorganiza\u00e7\u00e3o da empresa e pensarmos em como transform\u00e1-la, desde revis\u00e3o dos processos das cadeias de valores (<em>Value Stream Mapping<\/em>) de produtos e servi\u00e7os, capacita\u00e7\u00e3o de pessoas, at\u00e9 uma reavalia\u00e7\u00e3o do processo de Planejamento Estrat\u00e9gico. Voc\u00ea vai encontrar mais informa\u00e7\u00f5es no post \u201c<a href=\"https:\/\/www.linkedin.com\/pulse\/agilidade-estrat%C3%A9gica-carla-krieger\/\" target=\"_blank\" rel=\"noopener\">Agilidade Estrat\u00e9gica<\/a>\u201d<\/p>\n<p>Do ponto de vista do indiv\u00edduo, algumas caracter\u00edsticas t\u00eam suportado a jornada dos grandes l\u00edderes atuais.<\/p>\n<p>No post \u201c<a href=\"https:\/\/www.linkedin.com\/pulse\/voc%C3%AA-um-agente-de-transforma%C3%A7%C3%A3o-big-bang-ou-baby-steps-carla-krieger\/\" target=\"_blank\" rel=\"noopener\">Voc\u00ea, um Agente de Transforma\u00e7\u00e3o (Big Bang ou Baby Steps ?)<\/a>\u201d foco em caracter\u00edsticas das pessoas que lideram uma transforma\u00e7\u00e3o. Aqui vou falar em um enfoque sobre algumas das caracter\u00edsticas de pessoas que navegam bem no MuVUCA.<\/p>\n<p><strong>Trabalhar de forma colaborativa<\/strong><\/p>\n<p>Com o grande desafio de termos que estar sempre aprendendo e termos que dar respostas r\u00e1pidas, cada vez mais saber trabalhar em times multidisciplinares e auto organizados se torna essencial.<\/p>\n<p><strong>Ser um L\u00edder Servidor (Robert Greenleaf)<\/strong><\/p>\n<p>Come\u00e7a com um desejo natural de servir, servir em primeiro lugar. Ent\u00e3o a escolha consciente leva a inspirar a liderar (Robert Greenleaf).<\/p>\n<p>Um l\u00edder servidor tem como caracter\u00edsticas a Escuta Ativa, Empatia, Auto-Cura, Auto-Consci\u00eancia, Persuas\u00e3o, Conceitua\u00e7ao, Previs\u00e3o, Gest\u00e3o, comprometimento e Constru\u00e7\u00e3o de uma Comunidade<\/p>\n<p>No post \u201c<a href=\"https:\/\/www.linkedin.com\/pulse\/leadership-self-management-teams-carla-krieger\/\" target=\"_blank\" rel=\"noopener\">Leadership and self-management teams<\/a>\u201d aprofundo mais sobre ser Lider Servidor.<\/p>\n<p><strong>Intelig\u00eancia Emocional (Daniel Goleman)<\/strong><\/p>\n<p>A capacidade de estar ciente, controlar e expressar as emo\u00e7\u00f5es, e de lidar com o relacionamento interpessoal com cuidado e empatia.<\/p>\n<p>Podemos observar esse comportamento principalmente em 2 dimens\u00f5es:<\/p>\n<div class=\"slate-resizable-image-embed slate-image-embed__resize-full-width\"><img class=\"lazy-loaded\" src=\"https:\/\/media-exp1.licdn.com\/dms\/image\/C4E12AQGupyv2_Q2lNg\/article-inline_image-shrink_1500_2232\/0\/1552442922524?e=1618444800&amp;v=beta&amp;t=3jYSYaRuU-BQkG8SEUDvsnKViPhSyTOtC9I-m-KjYqo\" data-media-urn=\"\" \/><\/div>\n<div class=\"slate-resizable-image-embed slate-image-embed__resize-full-width\"><img class=\"lazy-loaded\" src=\"https:\/\/media-exp1.licdn.com\/dms\/image\/C4E12AQEFRc02Ow105A\/article-inline_image-shrink_1000_1488\/0\/1552443006618?e=1618444800&amp;v=beta&amp;t=HvffvbNcj4fSXEnt3-5O8JUAmaj3UDmwFekpkGP1TiM\" data-media-urn=\"\" \/><\/div>\n<p><strong>Agilidade Emocional (Susan David)<\/strong><\/p>\n<p>Da mesma forma que usamos fatos e dados para tomarmos decis\u00f5es r\u00e1pidas e assertivas no mundo dos neg\u00f3cios, o mundo interior (das emo\u00e7\u00f5es) tamb\u00e9m necessita de agilidade emocional para se reinventar e seguir em frente.<\/p>\n<p>Agilidade emocional traz caracter\u00edsticas como Positividade, Curiosidade. Gentileza, Observar-se como um expectador, Desconectar pensamentos e emo\u00e7\u00f5es de \u201cfatos consumados\u201d, Valores pessoais como caminho para for\u00e7a de vontade, Resili\u00eancia e a efic\u00e1cia e Equil\u00edbrio entre desafio e compet\u00eancia.<\/p>\n<p>Unir Intelig\u00eancia Emocional com Agilidade Emocional, permite que, antes de mais nada, a pessoa seja um l\u00edder de si mesmo, protagonista da sua jornada.<\/p>\n<div class=\"slate-resizable-image-embed slate-image-embed__resize-full-width\"><img class=\"lazy-loaded\" src=\"https:\/\/media-exp1.licdn.com\/dms\/image\/C4E12AQFgNoWjwYiwtA\/article-inline_image-shrink_1500_2232\/0\/1552443103703?e=1618444800&amp;v=beta&amp;t=V5pn8f5EhL_OeZ2KkzMY1kAwROBpeRir9EyUhwGxdRc\" data-media-urn=\"\" \/><\/div>\n<p><strong>Mindfulness<\/strong><\/p>\n<p>Estado mental de controle sobre a capacidade de se concentrar nas experi\u00eancias, atividades e sensa\u00e7\u00f5es do presente Traduzido no Brasil para Aten\u00e7\u00e3o Plena ou Consci\u00eancia Plena, ajuda a melhorar as capacidades mentais e, consequentemente, a produtividade no trabalho.<\/p>\n<p>Quer saber mais sobre Aten\u00e7\u00e3o Plena? Leia o post \u201c<a href=\"https:\/\/www.linkedin.com\/feed\/update\/urn:li:activity:6509425788318736384\" target=\"_blank\" rel=\"noopener\">Liderando com Aten\u00e7\u00e3o Plena<\/a>\u201d<\/p>\n<p>Como uma reflex\u00e3o final, compartilho aqui o que tenho usado como mantra para o MuVUCA:\u00a0Precisamos todos Aprender a Aprender!<\/p>\n<\/section>\n","protected":false},"excerpt":{"rendered":"<p>N\u00e3o \u00e9 nenhuma novidade que estamos vivendo em um Mundo VUCA (MuVUCA), onde empresas e pessoas est\u00e3o tendo que se reinventar para sobreviverem no mercado. Muitas empresas est\u00e3o desaparecendo enquanto outras est\u00e3o tendo um crescimento exponencial, surfando na Volatilidade, Incerteza, Complexidade e Ambiguidade do ambiente que estamos inseridos. O que faz com que algumas empresas [&hellip;]<\/p>\n","protected":false},"author":1,"featured_media":1441,"comment_status":"open","ping_status":"open","sticky":false,"template":"","format":"standard","meta":[],"categories":[1],"tags":[],"_links":{"self":[{"href":"https:\/\/carlakrieger.com.br\/index.php?rest_route=\/wp\/v2\/posts\/1440"}],"collection":[{"href":"https:\/\/carlakrieger.com.br\/index.php?rest_route=\/wp\/v2\/posts"}],"about":[{"href":"https:\/\/carlakrieger.com.br\/index.php?rest_route=\/wp\/v2\/types\/post"}],"author":[{"embeddable":true,"href":"https:\/\/carlakrieger.com.br\/index.php?rest_route=\/wp\/v2\/users\/1"}],"replies":[{"embeddable":true,"href":"https:\/\/carlakrieger.com.br\/index.php?rest_route=%2Fwp%2Fv2%2Fcomments&post=1440"}],"version-history":[{"count":1,"href":"https:\/\/carlakrieger.com.br\/index.php?rest_route=\/wp\/v2\/posts\/1440\/revisions"}],"predecessor-version":[{"id":1442,"href":"https:\/\/carlakrieger.com.br\/index.php?rest_route=\/wp\/v2\/posts\/1440\/revisions\/1442"}],"wp:featuredmedia":[{"embeddable":true,"href":"https:\/\/carlakrieger.com.br\/index.php?rest_route=\/wp\/v2\/media\/1441"}],"wp:attachment":[{"href":"https:\/\/carlakrieger.com.br\/index.php?rest_route=%2Fwp%2Fv2%2Fmedia&parent=1440"}],"wp:term":[{"taxonomy":"category","embeddable":true,"href":"https:\/\/carlakrieger.com.br\/index.php?rest_route=%2Fwp%2Fv2%2Fcategories&post=1440"},{"taxonomy":"post_tag","embeddable":true,"href":"https:\/\/carlakrieger.com.br\/index.php?rest_route=%2Fwp%2Fv2%2Ftags&post=1440"}],"curies":[{"name":"wp","href":"https:\/\/api.w.org\/{rel}","templated":true}]}}