{"id":1434,"date":"2021-02-09T08:16:24","date_gmt":"2021-02-09T08:16:24","guid":{"rendered":"http:\/\/carlakrieger.com.br\/?p=1434"},"modified":"2021-02-09T08:16:24","modified_gmt":"2021-02-09T08:16:24","slug":"transformacao-digital-sentindo-na-pele","status":"publish","type":"post","link":"https:\/\/carlakrieger.com.br\/?p=1434","title":{"rendered":"Transforma\u00e7\u00e3o Digital: Sentindo na Pele"},"content":{"rendered":"<section class=\"article-body\" data-redirect-url=\"https:\/\/www.linkedin.com\/login?session_redirect=https%3A%2F%2Fpt%2Elinkedin%2Ecom%2Fpulse%2Ftransforma%25C3%25A7%25C3%25A3o-digital-sentindo-na-pele-carla-krieger\">Muito se tem falado em Transforma\u00e7\u00e3o Digital, seus benef\u00edcios e desafios, nesse mundo VUCA em que vivemos.<\/p>\n<p>Resolvi compartilhar, em um conjunto de posts, um pouco da minha experi\u00eancia nessa jornada Digital. Convido a quem tem vivido tamb\u00e9m esse tipo de experi\u00eancia, compartilhar aqui os seus sucessos e desafio.<\/p>\n<p>Como toda a jornada, nessa tamb\u00e9m nunca estive sozinha, tive e tenho companhia de excelentes profissionais como, @Alexandre Siqueira, @Fabiano Wowk, @Claudia Tachira, @Leandro Escarabello, @Rubens Souza, @Andrino Coelho, @Daniel Tadeu Mart\u00ednez C. Branco , @Helsen Rossi, @Roberto Anastacio Dos Santos Junior, @Valeria Delgado Lopes e @Elizabeth Borges.<\/p>\n<p>N\u00e3o vou abordar nos posts conceitos de Transforma\u00e7\u00e3o Digital, mas algumas pr\u00e1ticas vividas que funcionaram e outras nem tanto, durante a lideran\u00e7a de algumas implanta\u00e7\u00f5es.<\/p>\n<p>No artigo <a href=\"https:\/\/www.linkedin.com\/pulse\/transforma\u00e7\u00e3o-digital-neg\u00f3cios-e-pessoas-carla-krieger\/\" target=\"_blank\" rel=\"noopener\"><u>Transforma\u00e7\u00e3o Digital: Neg\u00f3cios e Pessoas<\/u><\/a> falo de alguns dos\u00a0conceitos envolvidos.<\/p>\n<p>Entrei nessa jornada de Digitaliza\u00e7\u00e3o cerca de 4 anos atr\u00e1s, e vou compartilhar esse processo olhando sob 5 perspectivas, entre tantas que podem ser analisadas:<\/p>\n<p>1.\u00a0\u00a0\u00a0\u00a0\u00a0\u00a0<a href=\"https:\/\/www.linkedin.com\/pulse\/transforma\u00e7\u00e3o-digital-na-perspectiva-de-tecnologia-e-quest\u00f5es-carla\/\" target=\"_blank\" rel=\"noopener\"><u>Tecnologia e quest\u00f5es t\u00e9cnicas de implanta\u00e7\u00e3o<\/u><\/a><\/p>\n<p>2.\u00a0\u00a0\u00a0\u00a0\u00a0\u00a0<a href=\"https:\/\/www.linkedin.com\/pulse\/transforma\u00e7\u00e3o-digital-na-perspectiva-de-cultura-e-sentindo-krieger\/\" target=\"_blank\" rel=\"noopener\"><u>Cultura e Estrutura Organizacional<\/u><\/a><\/p>\n<p>3.\u00a0\u00a0\u00a0\u00a0\u00a0\u00a0<a href=\"https:\/\/www.linkedin.com\/pulse\/transforma\u00e7\u00e3o-digital-na-perspectiva-de-neg\u00f3cio-e-rh-sentindo-carla\/\" target=\"_blank\" rel=\"noopener\"><u>Neg\u00f3cio e RH<\/u><\/a><\/p>\n<p>4.\u00a0\u00a0\u00a0\u00a0\u00a0\u00a0<a href=\"https:\/\/www.linkedin.com\/pulse\/transforma\u00e7\u00e3o-digital-na-perspectiva-de-lideran\u00e7a-e-gest\u00e3o-krieger\/\" target=\"_blank\" rel=\"noopener\"><u>Lideran\u00e7a e Gest\u00e3o<\/u><\/a><\/p>\n<p>5.\u00a0\u00a0\u00a0\u00a0\u00a0\u00a0<a href=\"https:\/\/www.linkedin.com\/pulse\/transforma\u00e7\u00e3o-digital-na-perspectiva-de-inclus\u00e3o-sentindo-krieger\/\" target=\"_blank\" rel=\"noopener\"><u>Inclus\u00e3o Digital<\/u><\/a><\/p>\n<p>Ao final da leitura desse conjunto de posts, muitos poder\u00e3o se perguntar sobre qual o tamanho do investimento para essa jornada e quantas pessoas ser\u00e3o envolvidas.<\/p>\n<p>Como a maioria das iniciativas, podemos nos utilizar de pr\u00e1ticas Iterativas e Incrementais, priorizando backlogs de acordo com o maior valor ao neg\u00f3cios\/benef\u00edcios e irmos em busca dos resultados que sejam aderentes a estrat\u00e9gia coorporativa da nossa empresa e ao que o mercado nos imp\u00f5e.<\/p>\n<p>Boa sorte e sucesso para todos n\u00f3s!!!!<\/p>\n<\/section>\n","protected":false},"excerpt":{"rendered":"<p>Muito se tem falado em Transforma\u00e7\u00e3o Digital, seus benef\u00edcios e desafios, nesse mundo VUCA em que vivemos. Resolvi compartilhar, em um conjunto de posts, um pouco da minha experi\u00eancia nessa jornada Digital. Convido a quem tem vivido tamb\u00e9m esse tipo de experi\u00eancia, compartilhar aqui os seus sucessos e desafio. Como toda a jornada, nessa tamb\u00e9m [&hellip;]<\/p>\n","protected":false},"author":1,"featured_media":1435,"comment_status":"open","ping_status":"open","sticky":false,"template":"","format":"standard","meta":[],"categories":[1],"tags":[],"_links":{"self":[{"href":"https:\/\/carlakrieger.com.br\/index.php?rest_route=\/wp\/v2\/posts\/1434"}],"collection":[{"href":"https:\/\/carlakrieger.com.br\/index.php?rest_route=\/wp\/v2\/posts"}],"about":[{"href":"https:\/\/carlakrieger.com.br\/index.php?rest_route=\/wp\/v2\/types\/post"}],"author":[{"embeddable":true,"href":"https:\/\/carlakrieger.com.br\/index.php?rest_route=\/wp\/v2\/users\/1"}],"replies":[{"embeddable":true,"href":"https:\/\/carlakrieger.com.br\/index.php?rest_route=%2Fwp%2Fv2%2Fcomments&post=1434"}],"version-history":[{"count":1,"href":"https:\/\/carlakrieger.com.br\/index.php?rest_route=\/wp\/v2\/posts\/1434\/revisions"}],"predecessor-version":[{"id":1436,"href":"https:\/\/carlakrieger.com.br\/index.php?rest_route=\/wp\/v2\/posts\/1434\/revisions\/1436"}],"wp:featuredmedia":[{"embeddable":true,"href":"https:\/\/carlakrieger.com.br\/index.php?rest_route=\/wp\/v2\/media\/1435"}],"wp:attachment":[{"href":"https:\/\/carlakrieger.com.br\/index.php?rest_route=%2Fwp%2Fv2%2Fmedia&parent=1434"}],"wp:term":[{"taxonomy":"category","embeddable":true,"href":"https:\/\/carlakrieger.com.br\/index.php?rest_route=%2Fwp%2Fv2%2Fcategories&post=1434"},{"taxonomy":"post_tag","embeddable":true,"href":"https:\/\/carlakrieger.com.br\/index.php?rest_route=%2Fwp%2Fv2%2Ftags&post=1434"}],"curies":[{"name":"wp","href":"https:\/\/api.w.org\/{rel}","templated":true}]}}